{"id":183,"date":"2022-05-28T00:23:02","date_gmt":"2022-05-27T22:23:02","guid":{"rendered":"https:\/\/epu-courseulles.fr\/?p=183"},"modified":"2022-05-28T00:23:03","modified_gmt":"2022-05-27T22:23:03","slug":"compte-rendu-journee-de-secteur-a-courseulles-jeudi-26-mai-ascension","status":"publish","type":"post","link":"https:\/\/epu-courseulles.fr\/index.php\/2022\/05\/28\/compte-rendu-journee-de-secteur-a-courseulles-jeudi-26-mai-ascension\/","title":{"rendered":"COMPTE RENDU &#8211;&nbsp;&nbsp;JOURN\u00c9E DE SECTEUR \u00c0 COURSEULLES \u2013 JEUDI 26 MAI, ASCENSION"},"content":{"rendered":"\n<p>Ces quelques lignes sont r\u00e9dig\u00e9es \u00e0 la sortie m\u00eame de notre Journ\u00e9e de Secteur, qui s\u2019est tenue \u00e0 Courseulles, sur le th\u00e8me \u00ab&nbsp;Rencontres autour d\u2019un repas, rencontres autour d\u2019une parole&nbsp;\u00bb. Je crois exprimer l\u2019avis de tous les participants (amis venus de Saint Lo, d\u2019Alen\u00e7on, de Bayeux, de Caen \u2026) en disant que cette journ\u00e9e nous a rappel\u00e9 \u00e0 la joie de nous retrouver tous ensemble, fr\u00e8res et s\u0153urs g\u00e9ographiquement trop dispers\u00e9s, mais spirituellement unis dans la volont\u00e9 de c\u00e9l\u00e9brer le service de Dieu.<\/p>\n\n\n\n<p>Un chant portant la joie de cette rencontre nous a suivi toute la journ\u00e9e, ouvrant et fermant les diff\u00e9rents temps&nbsp;: les ateliers bibliques du matin, le repas en commun, la pi\u00e8ce de th\u00e9\u00e2tre d\u2019Alain Portenseigne, et enfin le culte conclusif.<\/p>\n\n\n\n<p>Merci \u00e0 tous qui ont pr\u00e9par\u00e9 cette journ\u00e9e, qui ont anim\u00e9 cette journ\u00e9e (en particulier \u00e0 Alain et \u00e0 nos dynamiques musiciens) et tout simplement \u00e0 tous ceux qui y ont particip\u00e9 avec leurs sourires, leurs chants et leurs pri\u00e8res&nbsp;: une cinquantaine d\u2019adultes et une quinzaine d\u2019enfants, faisaient une belle communion fraternelle apr\u00e8s deux ans d\u2019arr\u00eat \u2026<\/p>\n\n\n\n<p>Pour conclure, cette phrase tir\u00e9e (de m\u00e9moire\u2026) de la pr\u00e9dication que Marc Plana nous a fait le plaisir de mener ce jeudi de l\u2019Ascension&nbsp;: \u00ab&nbsp;si personne n\u2019est vraiment s\u00fbr de l\u00e0 o\u00f9 est le Christ apr\u00e8s l\u2019Ascension, c\u2019est qu\u2019il est sans doute partout o\u00f9 nous sommes&nbsp;\u00bb.<\/p>\n\n\n\n<p>Soyons certains qu\u2019il \u00e9tait avec nous ce jour-l\u00e0&nbsp;!<\/p>\n\n\n\n<p>Quelques photos pour ceux qui n\u2019ont pas pu \u00eatre l\u00e0 \u2026<\/p>\n\n\n\n<figure class=\"wp-block-image\"><img decoding=\"async\" src=\"blob:https:\/\/epu-courseulles.fr\/71a0013a-8261-4a3d-a1fe-98bd46f84784\" alt=\"20220526_160625\"\/><\/figure>\n\n\n\n<p>Le culte<\/p>\n\n\n\n<figure class=\"wp-block-image\"><img decoding=\"async\" src=\"blob:https:\/\/epu-courseulles.fr\/9e1ec8f1-908d-479e-b5ab-8f1791f196ad\" alt=\"20220526_142729\"\/><\/figure>\n\n\n\n<p>Le spectacle \u00ab&nbsp;Des t\u00e9moins surprenants&nbsp;\u00bb, suite de sayn\u00e8tes tir\u00e9es de \u00ab&nbsp;l\u2019Evangile en sketch et monologues&nbsp;\u00bb d\u2019Alain Combes publi\u00e9s aux Editions Emma\u00fcs en 2012<\/p>\n\n\n\n<figure class=\"wp-block-image\"><img decoding=\"async\" src=\"blob:https:\/\/epu-courseulles.fr\/5560abef-eba7-4a1f-9c0e-3d6807c116b3\" alt=\"20220526_125027\"\/><\/figure>\n\n\n\n<p>Le repas<\/p>\n\n\n\n<figure class=\"wp-block-image\"><img decoding=\"async\" src=\"blob:https:\/\/epu-courseulles.fr\/0139cf6c-cfc1-464d-b4fd-0daa3004dffe\" alt=\"20220526_115133\"\/><\/figure>\n\n\n\n<p>Les ateliers bibliques<\/p>\n","protected":false},"excerpt":{"rendered":"<p>Ces quelques lignes sont r\u00e9dig\u00e9es \u00e0 la sortie m\u00eame de notre Journ\u00e9e de Secteur, qui s\u2019est tenue \u00e0 Courseulles, sur le th\u00e8me \u00ab&nbsp;Rencontres autour d\u2019un repas, rencontres autour d\u2019une parole&nbsp;\u00bb. Je crois exprimer l\u2019avis de tous les participants (amis venus de Saint Lo, d\u2019Alen\u00e7on, de Bayeux, de Caen \u2026) en disant que cette journ\u00e9e nous a rappel\u00e9 \u00e0 la joie de nous retrouver tous ensemble, fr\u00e8res et s\u0153urs g\u00e9ographiquement trop dispers\u00e9s, mais spirituellement unis dans la volont\u00e9 de c\u00e9l\u00e9brer le&#8230;<\/p>\n<p class=\"read-more\"><a class=\"btn btn-default\" href=\"https:\/\/epu-courseulles.fr\/index.php\/2022\/05\/28\/compte-rendu-journee-de-secteur-a-courseulles-jeudi-26-mai-ascension\/\">Lire la suite<span class=\"screen-reader-text\"> Lire la suite<\/span><\/a><\/p>\n","protected":false},"author":2,"featured_media":0,"comment_status":"open","ping_status":"open","sticky":false,"template":"","format":"standard","meta":{"_jetpack_memberships_contains_paid_content":false,"footnotes":""},"categories":[4],"tags":[37],"class_list":["post-183","post","type-post","status-publish","format-standard","hentry","category-actualites","tag-ascension"],"yoast_head":"<!-- This site is optimized with the Yoast SEO plugin v22.6 - https:\/\/yoast.com\/wordpress\/plugins\/seo\/ -->\n<title>COMPTE RENDU -&nbsp;&nbsp;JOURN\u00c9E DE SECTEUR \u00c0 COURSEULLES \u2013 JEUDI 26 MAI, ASCENSION - Eglise Protestante Unie de Courseulles<\/title>\n<meta name=\"robots\" content=\"index, follow, max-snippet:-1, max-image-preview:large, max-video-preview:-1\" \/>\n<link rel=\"canonical\" href=\"https:\/\/epu-courseulles.fr\/index.php\/2022\/05\/28\/compte-rendu-journee-de-secteur-a-courseulles-jeudi-26-mai-ascension\/\" \/>\n<meta property=\"og:locale\" content=\"fr_FR\" \/>\n<meta property=\"og:type\" content=\"article\" \/>\n<meta property=\"og:title\" content=\"COMPTE RENDU -&nbsp;&nbsp;JOURN\u00c9E DE SECTEUR \u00c0 COURSEULLES \u2013 JEUDI 26 MAI, ASCENSION - Eglise Protestante Unie de Courseulles\" \/>\n<meta property=\"og:description\" content=\"Ces quelques lignes sont r\u00e9dig\u00e9es \u00e0 la sortie m\u00eame de notre Journ\u00e9e de Secteur, qui s\u2019est tenue \u00e0 Courseulles, sur le th\u00e8me \u00ab&nbsp;Rencontres autour d\u2019un repas, rencontres autour d\u2019une parole&nbsp;\u00bb. Je crois exprimer l\u2019avis de tous les participants (amis venus de Saint Lo, d\u2019Alen\u00e7on, de Bayeux, de Caen \u2026) en disant que cette journ\u00e9e nous a rappel\u00e9 \u00e0 la joie de nous retrouver tous ensemble, fr\u00e8res et s\u0153urs g\u00e9ographiquement trop dispers\u00e9s, mais spirituellement unis dans la volont\u00e9 de c\u00e9l\u00e9brer le...Lire la suite Lire la suite\" \/>\n<meta property=\"og:url\" content=\"https:\/\/epu-courseulles.fr\/index.php\/2022\/05\/28\/compte-rendu-journee-de-secteur-a-courseulles-jeudi-26-mai-ascension\/\" \/>\n<meta property=\"og:site_name\" content=\"Eglise Protestante Unie de Courseulles\" \/>\n<meta property=\"article:published_time\" content=\"2022-05-27T22:23:02+00:00\" \/>\n<meta property=\"article:modified_time\" content=\"2022-05-27T22:23:03+00:00\" \/>\n<meta name=\"author\" content=\"Axel Weytens\" \/>\n<meta name=\"twitter:card\" content=\"summary_large_image\" \/>\n<meta name=\"twitter:label1\" content=\"\u00c9crit par\" \/>\n\t<meta name=\"twitter:data1\" content=\"Axel Weytens\" \/>\n\t<meta name=\"twitter:label2\" content=\"Dur\u00e9e de lecture estim\u00e9e\" \/>\n\t<meta name=\"twitter:data2\" content=\"3 minutes\" \/>\n<script type=\"application\/ld+json\" class=\"yoast-schema-graph\">{\"@context\":\"https:\/\/schema.org\",\"@graph\":[{\"@type\":\"WebPage\",\"@id\":\"https:\/\/epu-courseulles.fr\/index.php\/2022\/05\/28\/compte-rendu-journee-de-secteur-a-courseulles-jeudi-26-mai-ascension\/\",\"url\":\"https:\/\/epu-courseulles.fr\/index.php\/2022\/05\/28\/compte-rendu-journee-de-secteur-a-courseulles-jeudi-26-mai-ascension\/\",\"name\":\"COMPTE RENDU -&nbsp;&nbsp;JOURN\u00c9E DE SECTEUR \u00c0 COURSEULLES \u2013 JEUDI 26 MAI, ASCENSION - Eglise Protestante Unie de Courseulles\",\"isPartOf\":{\"@id\":\"https:\/\/epu-courseulles.fr\/#website\"},\"datePublished\":\"2022-05-27T22:23:02+00:00\",\"dateModified\":\"2022-05-27T22:23:03+00:00\",\"author\":{\"@id\":\"https:\/\/epu-courseulles.fr\/#\/schema\/person\/215e606096c59df79c7fcd64f7c6efd6\"},\"breadcrumb\":{\"@id\":\"https:\/\/epu-courseulles.fr\/index.php\/2022\/05\/28\/compte-rendu-journee-de-secteur-a-courseulles-jeudi-26-mai-ascension\/#breadcrumb\"},\"inLanguage\":\"fr-FR\",\"potentialAction\":[{\"@type\":\"ReadAction\",\"target\":[\"https:\/\/epu-courseulles.fr\/index.php\/2022\/05\/28\/compte-rendu-journee-de-secteur-a-courseulles-jeudi-26-mai-ascension\/\"]}]},{\"@type\":\"BreadcrumbList\",\"@id\":\"https:\/\/epu-courseulles.fr\/index.php\/2022\/05\/28\/compte-rendu-journee-de-secteur-a-courseulles-jeudi-26-mai-ascension\/#breadcrumb\",\"itemListElement\":[{\"@type\":\"ListItem\",\"position\":1,\"name\":\"Accueil\",\"item\":\"https:\/\/epu-courseulles.fr\/\"},{\"@type\":\"ListItem\",\"position\":2,\"name\":\"COMPTE RENDU &#8211;&nbsp;&nbsp;JOURN\u00c9E DE SECTEUR \u00c0 COURSEULLES \u2013 JEUDI 26 MAI, ASCENSION\"}]},{\"@type\":\"WebSite\",\"@id\":\"https:\/\/epu-courseulles.fr\/#website\",\"url\":\"https:\/\/epu-courseulles.fr\/\",\"name\":\"Eglise Protestante Unie de Courseulles\",\"description\":\"Site de la Paroisse de Courseulles - C\u00f4te de Nacre\",\"potentialAction\":[{\"@type\":\"SearchAction\",\"target\":{\"@type\":\"EntryPoint\",\"urlTemplate\":\"https:\/\/epu-courseulles.fr\/?s={search_term_string}\"},\"query-input\":\"required name=search_term_string\"}],\"inLanguage\":\"fr-FR\"},{\"@type\":\"Person\",\"@id\":\"https:\/\/epu-courseulles.fr\/#\/schema\/person\/215e606096c59df79c7fcd64f7c6efd6\",\"name\":\"Axel Weytens\",\"image\":{\"@type\":\"ImageObject\",\"inLanguage\":\"fr-FR\",\"@id\":\"https:\/\/epu-courseulles.fr\/#\/schema\/person\/image\/\",\"url\":\"https:\/\/secure.gravatar.com\/avatar\/e7f1b871d92086c7d9e0945020a6b3f89d18f247f80d4c00721a43c151e09236?s=96&d=mm&r=g\",\"contentUrl\":\"https:\/\/secure.gravatar.com\/avatar\/e7f1b871d92086c7d9e0945020a6b3f89d18f247f80d4c00721a43c151e09236?s=96&d=mm&r=g\",\"caption\":\"Axel Weytens\"},\"url\":\"https:\/\/epu-courseulles.fr\/index.php\/author\/axelweytens\/\"}]}<\/script>\n<!-- \/ Yoast SEO plugin. -->","yoast_head_json":{"title":"COMPTE RENDU -&nbsp;&nbsp;JOURN\u00c9E DE SECTEUR \u00c0 COURSEULLES \u2013 JEUDI 26 MAI, ASCENSION - Eglise Protestante Unie de Courseulles","robots":{"index":"index","follow":"follow","max-snippet":"max-snippet:-1","max-image-preview":"max-image-preview:large","max-video-preview":"max-video-preview:-1"},"canonical":"https:\/\/epu-courseulles.fr\/index.php\/2022\/05\/28\/compte-rendu-journee-de-secteur-a-courseulles-jeudi-26-mai-ascension\/","og_locale":"fr_FR","og_type":"article","og_title":"COMPTE RENDU -&nbsp;&nbsp;JOURN\u00c9E DE SECTEUR \u00c0 COURSEULLES \u2013 JEUDI 26 MAI, ASCENSION - Eglise Protestante Unie de Courseulles","og_description":"Ces quelques lignes sont r\u00e9dig\u00e9es \u00e0 la sortie m\u00eame de notre Journ\u00e9e de Secteur, qui s\u2019est tenue \u00e0 Courseulles, sur le th\u00e8me \u00ab&nbsp;Rencontres autour d\u2019un repas, rencontres autour d\u2019une parole&nbsp;\u00bb. Je crois exprimer l\u2019avis de tous les participants (amis venus de Saint Lo, d\u2019Alen\u00e7on, de Bayeux, de Caen \u2026) en disant que cette journ\u00e9e nous a rappel\u00e9 \u00e0 la joie de nous retrouver tous ensemble, fr\u00e8res et s\u0153urs g\u00e9ographiquement trop dispers\u00e9s, mais spirituellement unis dans la volont\u00e9 de c\u00e9l\u00e9brer le...Lire la suite Lire la suite","og_url":"https:\/\/epu-courseulles.fr\/index.php\/2022\/05\/28\/compte-rendu-journee-de-secteur-a-courseulles-jeudi-26-mai-ascension\/","og_site_name":"Eglise Protestante Unie de Courseulles","article_published_time":"2022-05-27T22:23:02+00:00","article_modified_time":"2022-05-27T22:23:03+00:00","author":"Axel Weytens","twitter_card":"summary_large_image","twitter_misc":{"\u00c9crit par":"Axel Weytens","Dur\u00e9e de lecture estim\u00e9e":"3 minutes"},"schema":{"@context":"https:\/\/schema.org","@graph":[{"@type":"WebPage","@id":"https:\/\/epu-courseulles.fr\/index.php\/2022\/05\/28\/compte-rendu-journee-de-secteur-a-courseulles-jeudi-26-mai-ascension\/","url":"https:\/\/epu-courseulles.fr\/index.php\/2022\/05\/28\/compte-rendu-journee-de-secteur-a-courseulles-jeudi-26-mai-ascension\/","name":"COMPTE RENDU -&nbsp;&nbsp;JOURN\u00c9E DE SECTEUR \u00c0 COURSEULLES \u2013 JEUDI 26 MAI, ASCENSION - Eglise Protestante Unie de Courseulles","isPartOf":{"@id":"https:\/\/epu-courseulles.fr\/#website"},"datePublished":"2022-05-27T22:23:02+00:00","dateModified":"2022-05-27T22:23:03+00:00","author":{"@id":"https:\/\/epu-courseulles.fr\/#\/schema\/person\/215e606096c59df79c7fcd64f7c6efd6"},"breadcrumb":{"@id":"https:\/\/epu-courseulles.fr\/index.php\/2022\/05\/28\/compte-rendu-journee-de-secteur-a-courseulles-jeudi-26-mai-ascension\/#breadcrumb"},"inLanguage":"fr-FR","potentialAction":[{"@type":"ReadAction","target":["https:\/\/epu-courseulles.fr\/index.php\/2022\/05\/28\/compte-rendu-journee-de-secteur-a-courseulles-jeudi-26-mai-ascension\/"]}]},{"@type":"BreadcrumbList","@id":"https:\/\/epu-courseulles.fr\/index.php\/2022\/05\/28\/compte-rendu-journee-de-secteur-a-courseulles-jeudi-26-mai-ascension\/#breadcrumb","itemListElement":[{"@type":"ListItem","position":1,"name":"Accueil","item":"https:\/\/epu-courseulles.fr\/"},{"@type":"ListItem","position":2,"name":"COMPTE RENDU &#8211;&nbsp;&nbsp;JOURN\u00c9E DE SECTEUR \u00c0 COURSEULLES \u2013 JEUDI 26 MAI, ASCENSION"}]},{"@type":"WebSite","@id":"https:\/\/epu-courseulles.fr\/#website","url":"https:\/\/epu-courseulles.fr\/","name":"Eglise Protestante Unie de Courseulles","description":"Site de la Paroisse de Courseulles - C\u00f4te de Nacre","potentialAction":[{"@type":"SearchAction","target":{"@type":"EntryPoint","urlTemplate":"https:\/\/epu-courseulles.fr\/?s={search_term_string}"},"query-input":"required name=search_term_string"}],"inLanguage":"fr-FR"},{"@type":"Person","@id":"https:\/\/epu-courseulles.fr\/#\/schema\/person\/215e606096c59df79c7fcd64f7c6efd6","name":"Axel Weytens","image":{"@type":"ImageObject","inLanguage":"fr-FR","@id":"https:\/\/epu-courseulles.fr\/#\/schema\/person\/image\/","url":"https:\/\/secure.gravatar.com\/avatar\/e7f1b871d92086c7d9e0945020a6b3f89d18f247f80d4c00721a43c151e09236?s=96&d=mm&r=g","contentUrl":"https:\/\/secure.gravatar.com\/avatar\/e7f1b871d92086c7d9e0945020a6b3f89d18f247f80d4c00721a43c151e09236?s=96&d=mm&r=g","caption":"Axel Weytens"},"url":"https:\/\/epu-courseulles.fr\/index.php\/author\/axelweytens\/"}]}},"jetpack_sharing_enabled":true,"jetpack_featured_media_url":"","jetpack-related-posts":[],"_links":{"self":[{"href":"https:\/\/epu-courseulles.fr\/index.php\/wp-json\/wp\/v2\/posts\/183","targetHints":{"allow":["GET"]}}],"collection":[{"href":"https:\/\/epu-courseulles.fr\/index.php\/wp-json\/wp\/v2\/posts"}],"about":[{"href":"https:\/\/epu-courseulles.fr\/index.php\/wp-json\/wp\/v2\/types\/post"}],"author":[{"embeddable":true,"href":"https:\/\/epu-courseulles.fr\/index.php\/wp-json\/wp\/v2\/users\/2"}],"replies":[{"embeddable":true,"href":"https:\/\/epu-courseulles.fr\/index.php\/wp-json\/wp\/v2\/comments?post=183"}],"version-history":[{"count":1,"href":"https:\/\/epu-courseulles.fr\/index.php\/wp-json\/wp\/v2\/posts\/183\/revisions"}],"predecessor-version":[{"id":184,"href":"https:\/\/epu-courseulles.fr\/index.php\/wp-json\/wp\/v2\/posts\/183\/revisions\/184"}],"wp:attachment":[{"href":"https:\/\/epu-courseulles.fr\/index.php\/wp-json\/wp\/v2\/media?parent=183"}],"wp:term":[{"taxonomy":"category","embeddable":true,"href":"https:\/\/epu-courseulles.fr\/index.php\/wp-json\/wp\/v2\/categories?post=183"},{"taxonomy":"post_tag","embeddable":true,"href":"https:\/\/epu-courseulles.fr\/index.php\/wp-json\/wp\/v2\/tags?post=183"}],"curies":[{"name":"wp","href":"https:\/\/api.w.org\/{rel}","templated":true}]}}