{"id":189,"date":"2022-07-31T15:56:08","date_gmt":"2022-07-31T13:56:08","guid":{"rendered":"https:\/\/epu-courseulles.fr\/?p=189"},"modified":"2022-08-05T23:32:36","modified_gmt":"2022-08-05T21:32:36","slug":"predication-du-dimanche-24-juillet-2022","status":"publish","type":"post","link":"https:\/\/epu-courseulles.fr\/index.php\/2022\/07\/31\/predication-du-dimanche-24-juillet-2022\/","title":{"rendered":"Pr\u00e9dication du Dimanche 24 juillet 2022"},"content":{"rendered":"\n<h2 class=\"wp-block-heading\">Gen\u00e8se 18,20-32          Colossiens 2,1-14           Luc 11, 1-13<\/h2>\n\n\n\n<p>Dans la premi\u00e8re lecture et celle de l\u2019\u00e9vangile, j\u2019ai retenu comme id\u00e9e \u2018la pri\u00e8re\u2019. Dans la lettre de Paul aux Colossiens, m\u00eame apr\u00e8s l\u2019avoir retourn\u00e9e dans tous les sens, je me suis rabattu sur une des grandes id\u00e9es de notre ap\u00f4tre Paul, \u00e0 savoir l\u2019important c\u2019est de mettre Christ au centre de notre vie.&nbsp;<\/p>\n\n\n\n<p>Revenons \u00e0 notre court passage de la gen\u00e8se. C\u2019est un passage que nous avons tous dans nos m\u00e9moires&nbsp;; nous avons entendu parler de Sodome et Gomorrhe, m\u00eame si nous n\u2019avons plus bien en t\u00eate le d\u00e9roul\u00e9 de cette premi\u00e8re partie de l\u2019histoire et si ne savons pas situer la ville sur une carte, m\u00eame si nous ne connaissons pas bien la faute de cette ville, m\u00eame si nous ne la lions pas forc\u00e9ment \u00e0 l\u2019histoire de Loth et ses deux filles. Pourtant certaines \u00e9glises ont retenu ce passage comme une condamnation de l\u2019homosexualit\u00e9 et de la sodomisation.<\/p>\n\n\n\n<p>L\u00e0 n\u2019est pas notre propos ce matin. Nous resterons sur l\u2019interpellation de Dieu par Abraham. Six fois Abraham dialogue face \u00e0 Dieu, six fois il relance Dieu, six fois il entamera un marchandage, six fois Dieu r\u00e9pondra. C\u2019est-\u00e0-dire qu\u2019il revient, qu\u2019il remet sans cesse son ouvrage en route, ici sa demande. Il veut obtenir gain de cause. Le texte pour bien nous montrer cette r\u00e9p\u00e9tition, utilisera pratiquement les m\u00eames mots.<\/p>\n\n\n\n<p>Abraham rencontre Dieu, il est m\u00eame avec lui&nbsp;<\/p>\n\n\n\n<p>Nous sommes sous ch\u00eane de Mambr\u00e9, notre patriarche accueille trois hommes. C\u2019est tout cet accueil d\u2019Abraham qui est en opposition avec la situation de la ville de Gomorrhe qui refuse et se d\u00e9tourne de Dieu. C\u2019est ce que veut nous rappeler les auteurs de la gen\u00e8se. Si on ne veut pas \u00eatre avec Dieu on risque la condamnation, ici c\u2019est m\u00eame toute la ville qui va \u00eatre d\u00e9truite.<\/p>\n\n\n\n<p>Abraham dialogue avec Dieu<\/p>\n\n\n\n<p>Abraham, dans sa conversation avec Dieu, est explicite, il interroge Dieu ce qu\u2019il doit faire&nbsp;: \u00ab&nbsp;Vas-tu quand m\u00eame d\u00e9truire cette ville&nbsp;?&nbsp;\u00bb et notre patriarche ajoute encore \u00ab&nbsp;Ne veux-tu pas lui pardonner \u00e0 cause de cinquante justes qui y habitent&nbsp;?&nbsp;\u00bb.&nbsp;<\/p>\n\n\n\n<p>Abraham sollicite Dieu<\/p>\n\n\n\n<p>Notre patriarche aurait pu ne pas se sentir concern\u00e9 par la situation dans la ville. Au contraire il en fait une affaire personnelle au risque de f\u00e2cher Dieu et donc d\u2019\u00eatre lui-m\u00eame rejet\u00e9. Il se risque dans la relation.<\/p>\n\n\n\n<p>Abraham n\u2019h\u00e9site pas \u00e0 r\u00e9p\u00e9ter sa demande&nbsp;<\/p>\n\n\n\n<p>Nous entendons six fois la m\u00eame demande, seul change le nombre de juste qui pourrait \u00eatre trouv\u00e9 dans la cit\u00e9&nbsp;; 50&nbsp; 45&nbsp;&nbsp;45&nbsp;&nbsp;40&nbsp;&nbsp;30&nbsp;&nbsp;20&nbsp;&nbsp;10. Cette r\u00e9p\u00e9tition pourrait m\u00eame nous agacer, nous pourrions nous dire que Dieu n\u2019a pas besoin de r\u00e9entendre sans arr\u00eat la m\u00eame demande, il connait la situation, pourquoi lui demander et redemander sans cesse.<\/p>\n\n\n\n<p>L\u2019obstination et la pers\u00e9v\u00e9rance de notre patriarche est une des cl\u00e9s, et la pr\u00e9occupation du devenir des autres&nbsp;!!<\/p>\n\n\n\n<p>Abraham \u00e9coute et entend la r\u00e9ponse de Dieu&nbsp;<\/p>\n\n\n\n<p>Notre patriarche demande que la ville ne soit pas d\u00e9truite et la r\u00e9ponse va bien au-del\u00e0&nbsp;; C\u2019est m\u00eame un pardon pour toute la ville que propose Dieu.&nbsp;<\/p>\n\n\n\n<p>Ici \u00e0 chaque demande, \u00e0 chaque dialogue, notre patriarche entend la r\u00e9ponse. Nous avons un \u00e9change entre deux personnes.<\/p>\n\n\n\n<p>Abraham \u00e9change avec Dieu<\/p>\n\n\n\n<p>C\u2019est un v\u00e9ritable dialogue que nous propose celui qui a \u00e9crit le texte, il veut certainement nous montrer que Dieu est accessible et que la pers\u00e9v\u00e9rance et sa propre conviction rendent possible la r\u00e9alisation de ses demandes.<\/p>\n\n\n\n<p><strong><em>Aujourd\u2019hui<\/em><\/strong>&nbsp;ce passage est pour nous l\u2019occasion de nous interroger sur nos pri\u00e8res qui peuvent reprendre tous ces points&nbsp;: rencontre, dialogue sollicitation, r\u00e9p\u00e9tition, \u00e9coute.<\/p>\n\n\n\n<p>\u2026<\/p>\n\n\n\n<p>Comme je vous le disait Paul ne parle pas explicitement de la pri\u00e8re mais il oriente et place Christ&nbsp;<strong>dans<\/strong>&nbsp;et&nbsp;<strong>au milieu<\/strong>&nbsp;de nos vies.&nbsp;<\/p>\n\n\n\n<p>Paul ne connait pas la ville de Colosse, il n\u2019a pas fond\u00e9 directement les communaut\u00e9s de Phrygie. C\u2019est probablement Epaphras un de ses disciples qui les a cr\u00e9\u00e9es.<\/p>\n\n\n\n<p>Ces villes connaissent une influence philosophique qui pour notre ap\u00f4tre est vide de sens et dont les forces gouvernent ce monde.<\/p>\n\n\n\n<p>C\u2019est pourquoi Paul commence notre passage en reprenant les valeurs positives&nbsp;; les Colossiens et les Laodic\u00e9niens ont le c\u0153ur remplis d\u2019amour, ils sont unis dans l\u2019amour, ils sont enrichis de toute la certitude qui donne une vraie intelligence. Mais il les met en garde contre les discours s\u00e9duisants. Il leurs demandes&nbsp;<\/p>\n\n\n\n<p>&nbsp;de&nbsp;<strong>tenir bon<\/strong>,&nbsp;<\/p>\n\n\n\n<p>&nbsp;de&nbsp;<strong>rester solide dans<\/strong>&nbsp;la foi \u00e0 Christ,<\/p>\n\n\n\n<p>&nbsp;de&nbsp;<strong>vivre unis<\/strong>&nbsp;\u00e0 Christ,<\/p>\n\n\n\n<p>&nbsp;d\u2019\u00eatre&nbsp;<strong>enracin\u00e9 en<\/strong>&nbsp;Christ,<\/p>\n\n\n\n<p>&nbsp;de&nbsp;<strong>construire toute leur vie&nbsp;<u>sur<\/u><\/strong>&nbsp;lui.&nbsp;<\/p>\n\n\n\n<p>&nbsp;Tout ce qui a pris dans Christ habite pleinement en lui.<\/p>\n\n\n\n<p>Christ nous d\u00e9livre de notre \u00eatre p\u00e9cheur<\/p>\n\n\n\n<p>Par notre bapt\u00eame&nbsp;:<\/p>\n\n\n\n<p>&nbsp;&nbsp;Nous avons \u00e9t\u00e9&nbsp;<strong>mis au tombeau<\/strong>&nbsp;et&nbsp;<strong>ressuscit\u00e9<\/strong>&nbsp;avec Christ,<\/p>\n\n\n\n<p>&nbsp;&nbsp;Nous&nbsp;<strong>revivons<\/strong>&nbsp;avec lui&nbsp;<\/p>\n\n\n\n<p>&nbsp;&nbsp;Nous sommes&nbsp;<strong>pardonn\u00e9s<\/strong>&nbsp;de nos fautes.<\/p>\n\n\n\n<p>Aujourd\u2019hui, Paul nous donne un faste programme, nous dirions pour \u00eatre \u00e0 la page, une feuille de route. Appliquer ces mots&nbsp;: vivre unis \u00e0 Christ, construire notre vie avec lui, \u00eatre enracin\u00e9s en lui. Est-ce possible \u00e0 notre \u00e9poque, est ce une partie de la d\u00e9finition de la foi en Christ&nbsp;?<\/p>\n\n\n\n<p>\u2026<\/p>\n\n\n\n<p>Le d\u00e9but du chapitre 11 de l\u2019\u00e9vangile de Luc a plusieurs partis&nbsp;;&nbsp;<\/p>\n\n\n\n<ul class=\"wp-block-list\"><li>L\u2019enseignement du \u00ab&nbsp;Notre P\u00e8re&nbsp;\u00bb<\/li><li>Une parabole de l\u2019ami qui se laisse fl\u00e9chir<\/li><li>Une petite conclusion ou synth\u00e8se des deux passages.<\/li><\/ul>\n\n\n\n<p>La formulation du Notre P\u00e8re est l\u00e9g\u00e8rement diff\u00e9rente de celle \u00e9crite dans Matthieu, ni m\u00eame celle que nous prions suite \u00e0 la tradition chr\u00e9tienne et ses derni\u00e8res \u00e9volutions. Nous n\u2019entrerons pas dans une analyse du texte lui-m\u00eame, de nombreuses notes dans la TOB pourrons aider ceux qui le veulent.&nbsp;&nbsp;Exceptionnellement je vous demanderai de r\u00e9\u00e9couter tout \u00e0 l\u2019heure, celle de l\u2019\u00e9vangile de Luc.&nbsp;<\/p>\n\n\n\n<p>Luc a choisi de faire suivre directement le texte du Notre P\u00e8re par une petite parabole. Cette derni\u00e8re pourra, aujourd\u2019hui nous donner un \u00e9clairage ou une orientation sur ce qu\u2019il entend par cette proposition de pri\u00e8re.&nbsp;<\/p>\n\n\n\n<p>Reprenons l\u2019\u00e9tape de la parabole&nbsp;; une personne va trouver un ami pour lui demander de lui pr\u00eater trois morceaux de pains, ceci en pleine nuit. Nous avons de faits une demande sur quelque chose qui peut nous paraitre peut important&nbsp;; trois pains.&nbsp;&nbsp;Mais que si nous ramenons \u00e0 la capacit\u00e9 d\u2019accueil dans ces pays est n\u00e9cessaire, car sans ces trois pains l\u2019homme n\u2019est pas capable de respecter l\u2019accueil comme celle que nous avons entendu dans la gen\u00e8se avec Abraham. Pour bien nous signifier cette importance, la parabole situe cette demande dans la nuit. L\u2019ami, apr\u00e8s c\u2019\u00eatre fait un peu prier, lui donnera les trois pains CAR et PARCEQUE son ami a insist\u00e9 sans se g\u00eaner. Ceci fait ressortir a fortiori l\u2019attitude de Dieu qui exauce parce qu\u2019il est juste et P\u00e8re.<\/p>\n\n\n\n<p>La troisi\u00e8me partie que j\u2019ai appel\u00e9 conclusion, commence par une phrase que nous connaissons tous&nbsp;:&nbsp;<\/p>\n\n\n\n<p>&nbsp;&nbsp;\u00ab&nbsp; demandez et&nbsp;<strong>vous recevrez<\/strong>,&nbsp;&nbsp;<\/p>\n\n\n\n<p>&nbsp;&nbsp;frappez et&nbsp;<strong>on vous ouvrira<\/strong>,<\/p>\n\n\n\n<p>&nbsp;&nbsp;cherchez et&nbsp;<strong>vous trouverez<\/strong>&nbsp;\u00bb<\/p>\n\n\n\n<p>Nous les connaissons bien, MAIS les appliquons-nous aujourd\u2019hui&nbsp;?<\/p>\n\n\n\n<p>Notre \u00e9vang\u00e9liste Luc, confortera l\u2019id\u00e9e, en d\u00e9veloppant&nbsp;: quel p\u00e8re donnera quelque chose de mauvais \u00e0 son enfant alors qu\u2019il peut le satisfaire.<\/p>\n\n\n\n<p>Il conclut ainsi&nbsp;: \u00ab&nbsp;Le p\u00e8re qui est aux ciels&nbsp;<strong>donnera l\u2019Esprit-Saint<\/strong>&nbsp;\u00e0 ceux qui le lui demandent&nbsp;!&nbsp;\u00bb<\/p>\n\n\n\n<p>Pour terminer cette pr\u00e9dication, je remarquerai que ce n\u2019est pas un objet, une action qui est donn\u00e9 par Dieu&nbsp;<strong>mais l\u2019Esprit-Saint.<\/strong><\/p>\n\n\n\n<p>Nous pouvons nous interroger sur nos pri\u00e8res et ce que nous demandons.&nbsp;<\/p>\n\n\n\n<p>Et je citerai Luc 22 o\u00f9 dans la pri\u00e8re de J\u00e9sus au mont des Oliviers, il dit \u00ab&nbsp;<strong>Toutefois,&nbsp;non pas ce que je veux,&nbsp;mais ce que tu veux.<\/strong><strong><\/strong><\/p>\n\n\n\n<p>\u2026<\/p>\n","protected":false},"excerpt":{"rendered":"<p>Gen\u00e8se 18,20-32 Colossiens 2,1-14 Luc 11, 1-13 Dans la premi\u00e8re lecture et celle de l\u2019\u00e9vangile, j\u2019ai retenu comme id\u00e9e \u2018la pri\u00e8re\u2019. Dans la lettre de Paul aux Colossiens, m\u00eame apr\u00e8s l\u2019avoir retourn\u00e9e dans tous les sens, je me suis rabattu sur une des grandes id\u00e9es de notre ap\u00f4tre Paul, \u00e0 savoir l\u2019important c\u2019est de mettre Christ au centre de notre vie.&nbsp; Revenons \u00e0 notre court passage de la gen\u00e8se. C\u2019est un passage que nous avons tous dans nos m\u00e9moires&nbsp;; nous&#8230;<\/p>\n<p class=\"read-more\"><a class=\"btn btn-default\" href=\"https:\/\/epu-courseulles.fr\/index.php\/2022\/07\/31\/predication-du-dimanche-24-juillet-2022\/\">Lire la suite<span class=\"screen-reader-text\"> Lire la suite<\/span><\/a><\/p>\n","protected":false},"author":4,"featured_media":0,"comment_status":"open","ping_status":"open","sticky":false,"template":"","format":"standard","meta":{"_jetpack_memberships_contains_paid_content":false,"footnotes":""},"categories":[3],"tags":[18,15],"class_list":["post-189","post","type-post","status-publish","format-standard","hentry","category-cultes","tag-marc","tag-relation-a-dieu"],"yoast_head":"<!-- This site is optimized with the Yoast SEO plugin v22.6 - https:\/\/yoast.com\/wordpress\/plugins\/seo\/ -->\n<title>Pr\u00e9dication du Dimanche 24 juillet 2022 - Eglise Protestante Unie de Courseulles<\/title>\n<meta name=\"robots\" content=\"index, follow, max-snippet:-1, max-image-preview:large, max-video-preview:-1\" \/>\n<link rel=\"canonical\" href=\"https:\/\/epu-courseulles.fr\/index.php\/2022\/07\/31\/predication-du-dimanche-24-juillet-2022\/\" \/>\n<meta property=\"og:locale\" content=\"fr_FR\" \/>\n<meta property=\"og:type\" content=\"article\" \/>\n<meta property=\"og:title\" content=\"Pr\u00e9dication du Dimanche 24 juillet 2022 - Eglise Protestante Unie de Courseulles\" \/>\n<meta property=\"og:description\" content=\"Gen\u00e8se 18,20-32 Colossiens 2,1-14 Luc 11, 1-13 Dans la premi\u00e8re lecture et celle de l\u2019\u00e9vangile, j\u2019ai retenu comme id\u00e9e \u2018la pri\u00e8re\u2019. Dans la lettre de Paul aux Colossiens, m\u00eame apr\u00e8s l\u2019avoir retourn\u00e9e dans tous les sens, je me suis rabattu sur une des grandes id\u00e9es de notre ap\u00f4tre Paul, \u00e0 savoir l\u2019important c\u2019est de mettre Christ au centre de notre vie.&nbsp; Revenons \u00e0 notre court passage de la gen\u00e8se. C\u2019est un passage que nous avons tous dans nos m\u00e9moires&nbsp;; nous...Lire la suite Lire la suite\" \/>\n<meta property=\"og:url\" content=\"https:\/\/epu-courseulles.fr\/index.php\/2022\/07\/31\/predication-du-dimanche-24-juillet-2022\/\" \/>\n<meta property=\"og:site_name\" content=\"Eglise Protestante Unie de Courseulles\" \/>\n<meta property=\"article:published_time\" content=\"2022-07-31T13:56:08+00:00\" \/>\n<meta property=\"article:modified_time\" content=\"2022-08-05T21:32:36+00:00\" \/>\n<meta name=\"author\" content=\"Daniel Dispa\" \/>\n<meta name=\"twitter:card\" content=\"summary_large_image\" \/>\n<meta name=\"twitter:label1\" content=\"\u00c9crit par\" \/>\n\t<meta name=\"twitter:data1\" content=\"Daniel Dispa\" \/>\n\t<meta name=\"twitter:label2\" content=\"Dur\u00e9e de lecture estim\u00e9e\" \/>\n\t<meta name=\"twitter:data2\" content=\"7 minutes\" \/>\n<script type=\"application\/ld+json\" class=\"yoast-schema-graph\">{\"@context\":\"https:\/\/schema.org\",\"@graph\":[{\"@type\":\"WebPage\",\"@id\":\"https:\/\/epu-courseulles.fr\/index.php\/2022\/07\/31\/predication-du-dimanche-24-juillet-2022\/\",\"url\":\"https:\/\/epu-courseulles.fr\/index.php\/2022\/07\/31\/predication-du-dimanche-24-juillet-2022\/\",\"name\":\"Pr\u00e9dication du Dimanche 24 juillet 2022 - Eglise Protestante Unie de Courseulles\",\"isPartOf\":{\"@id\":\"https:\/\/epu-courseulles.fr\/#website\"},\"datePublished\":\"2022-07-31T13:56:08+00:00\",\"dateModified\":\"2022-08-05T21:32:36+00:00\",\"author\":{\"@id\":\"https:\/\/epu-courseulles.fr\/#\/schema\/person\/3e8aac4ba1dbbf6d42febc78a54d43ab\"},\"breadcrumb\":{\"@id\":\"https:\/\/epu-courseulles.fr\/index.php\/2022\/07\/31\/predication-du-dimanche-24-juillet-2022\/#breadcrumb\"},\"inLanguage\":\"fr-FR\",\"potentialAction\":[{\"@type\":\"ReadAction\",\"target\":[\"https:\/\/epu-courseulles.fr\/index.php\/2022\/07\/31\/predication-du-dimanche-24-juillet-2022\/\"]}]},{\"@type\":\"BreadcrumbList\",\"@id\":\"https:\/\/epu-courseulles.fr\/index.php\/2022\/07\/31\/predication-du-dimanche-24-juillet-2022\/#breadcrumb\",\"itemListElement\":[{\"@type\":\"ListItem\",\"position\":1,\"name\":\"Accueil\",\"item\":\"https:\/\/epu-courseulles.fr\/\"},{\"@type\":\"ListItem\",\"position\":2,\"name\":\"Pr\u00e9dication du Dimanche 24 juillet 2022\"}]},{\"@type\":\"WebSite\",\"@id\":\"https:\/\/epu-courseulles.fr\/#website\",\"url\":\"https:\/\/epu-courseulles.fr\/\",\"name\":\"Eglise Protestante Unie de Courseulles\",\"description\":\"Site de la Paroisse de Courseulles - C\u00f4te de Nacre\",\"potentialAction\":[{\"@type\":\"SearchAction\",\"target\":{\"@type\":\"EntryPoint\",\"urlTemplate\":\"https:\/\/epu-courseulles.fr\/?s={search_term_string}\"},\"query-input\":\"required name=search_term_string\"}],\"inLanguage\":\"fr-FR\"},{\"@type\":\"Person\",\"@id\":\"https:\/\/epu-courseulles.fr\/#\/schema\/person\/3e8aac4ba1dbbf6d42febc78a54d43ab\",\"name\":\"Daniel Dispa\",\"image\":{\"@type\":\"ImageObject\",\"inLanguage\":\"fr-FR\",\"@id\":\"https:\/\/epu-courseulles.fr\/#\/schema\/person\/image\/\",\"url\":\"https:\/\/secure.gravatar.com\/avatar\/76415a47f37d323ae945bd7360eb7b2ffce9174dc488941e46453faf1aad7572?s=96&d=mm&r=g\",\"contentUrl\":\"https:\/\/secure.gravatar.com\/avatar\/76415a47f37d323ae945bd7360eb7b2ffce9174dc488941e46453faf1aad7572?s=96&d=mm&r=g\",\"caption\":\"Daniel Dispa\"},\"url\":\"https:\/\/epu-courseulles.fr\/index.php\/author\/danieldispa\/\"}]}<\/script>\n<!-- \/ Yoast SEO plugin. -->","yoast_head_json":{"title":"Pr\u00e9dication du Dimanche 24 juillet 2022 - Eglise Protestante Unie de Courseulles","robots":{"index":"index","follow":"follow","max-snippet":"max-snippet:-1","max-image-preview":"max-image-preview:large","max-video-preview":"max-video-preview:-1"},"canonical":"https:\/\/epu-courseulles.fr\/index.php\/2022\/07\/31\/predication-du-dimanche-24-juillet-2022\/","og_locale":"fr_FR","og_type":"article","og_title":"Pr\u00e9dication du Dimanche 24 juillet 2022 - Eglise Protestante Unie de Courseulles","og_description":"Gen\u00e8se 18,20-32 Colossiens 2,1-14 Luc 11, 1-13 Dans la premi\u00e8re lecture et celle de l\u2019\u00e9vangile, j\u2019ai retenu comme id\u00e9e \u2018la pri\u00e8re\u2019. Dans la lettre de Paul aux Colossiens, m\u00eame apr\u00e8s l\u2019avoir retourn\u00e9e dans tous les sens, je me suis rabattu sur une des grandes id\u00e9es de notre ap\u00f4tre Paul, \u00e0 savoir l\u2019important c\u2019est de mettre Christ au centre de notre vie.&nbsp; Revenons \u00e0 notre court passage de la gen\u00e8se. C\u2019est un passage que nous avons tous dans nos m\u00e9moires&nbsp;; nous...Lire la suite Lire la suite","og_url":"https:\/\/epu-courseulles.fr\/index.php\/2022\/07\/31\/predication-du-dimanche-24-juillet-2022\/","og_site_name":"Eglise Protestante Unie de Courseulles","article_published_time":"2022-07-31T13:56:08+00:00","article_modified_time":"2022-08-05T21:32:36+00:00","author":"Daniel Dispa","twitter_card":"summary_large_image","twitter_misc":{"\u00c9crit par":"Daniel Dispa","Dur\u00e9e de lecture estim\u00e9e":"7 minutes"},"schema":{"@context":"https:\/\/schema.org","@graph":[{"@type":"WebPage","@id":"https:\/\/epu-courseulles.fr\/index.php\/2022\/07\/31\/predication-du-dimanche-24-juillet-2022\/","url":"https:\/\/epu-courseulles.fr\/index.php\/2022\/07\/31\/predication-du-dimanche-24-juillet-2022\/","name":"Pr\u00e9dication du Dimanche 24 juillet 2022 - Eglise Protestante Unie de Courseulles","isPartOf":{"@id":"https:\/\/epu-courseulles.fr\/#website"},"datePublished":"2022-07-31T13:56:08+00:00","dateModified":"2022-08-05T21:32:36+00:00","author":{"@id":"https:\/\/epu-courseulles.fr\/#\/schema\/person\/3e8aac4ba1dbbf6d42febc78a54d43ab"},"breadcrumb":{"@id":"https:\/\/epu-courseulles.fr\/index.php\/2022\/07\/31\/predication-du-dimanche-24-juillet-2022\/#breadcrumb"},"inLanguage":"fr-FR","potentialAction":[{"@type":"ReadAction","target":["https:\/\/epu-courseulles.fr\/index.php\/2022\/07\/31\/predication-du-dimanche-24-juillet-2022\/"]}]},{"@type":"BreadcrumbList","@id":"https:\/\/epu-courseulles.fr\/index.php\/2022\/07\/31\/predication-du-dimanche-24-juillet-2022\/#breadcrumb","itemListElement":[{"@type":"ListItem","position":1,"name":"Accueil","item":"https:\/\/epu-courseulles.fr\/"},{"@type":"ListItem","position":2,"name":"Pr\u00e9dication du Dimanche 24 juillet 2022"}]},{"@type":"WebSite","@id":"https:\/\/epu-courseulles.fr\/#website","url":"https:\/\/epu-courseulles.fr\/","name":"Eglise Protestante Unie de Courseulles","description":"Site de la Paroisse de Courseulles - C\u00f4te de Nacre","potentialAction":[{"@type":"SearchAction","target":{"@type":"EntryPoint","urlTemplate":"https:\/\/epu-courseulles.fr\/?s={search_term_string}"},"query-input":"required name=search_term_string"}],"inLanguage":"fr-FR"},{"@type":"Person","@id":"https:\/\/epu-courseulles.fr\/#\/schema\/person\/3e8aac4ba1dbbf6d42febc78a54d43ab","name":"Daniel Dispa","image":{"@type":"ImageObject","inLanguage":"fr-FR","@id":"https:\/\/epu-courseulles.fr\/#\/schema\/person\/image\/","url":"https:\/\/secure.gravatar.com\/avatar\/76415a47f37d323ae945bd7360eb7b2ffce9174dc488941e46453faf1aad7572?s=96&d=mm&r=g","contentUrl":"https:\/\/secure.gravatar.com\/avatar\/76415a47f37d323ae945bd7360eb7b2ffce9174dc488941e46453faf1aad7572?s=96&d=mm&r=g","caption":"Daniel Dispa"},"url":"https:\/\/epu-courseulles.fr\/index.php\/author\/danieldispa\/"}]}},"jetpack_sharing_enabled":true,"jetpack_featured_media_url":"","jetpack-related-posts":[],"_links":{"self":[{"href":"https:\/\/epu-courseulles.fr\/index.php\/wp-json\/wp\/v2\/posts\/189","targetHints":{"allow":["GET"]}}],"collection":[{"href":"https:\/\/epu-courseulles.fr\/index.php\/wp-json\/wp\/v2\/posts"}],"about":[{"href":"https:\/\/epu-courseulles.fr\/index.php\/wp-json\/wp\/v2\/types\/post"}],"author":[{"embeddable":true,"href":"https:\/\/epu-courseulles.fr\/index.php\/wp-json\/wp\/v2\/users\/4"}],"replies":[{"embeddable":true,"href":"https:\/\/epu-courseulles.fr\/index.php\/wp-json\/wp\/v2\/comments?post=189"}],"version-history":[{"count":2,"href":"https:\/\/epu-courseulles.fr\/index.php\/wp-json\/wp\/v2\/posts\/189\/revisions"}],"predecessor-version":[{"id":195,"href":"https:\/\/epu-courseulles.fr\/index.php\/wp-json\/wp\/v2\/posts\/189\/revisions\/195"}],"wp:attachment":[{"href":"https:\/\/epu-courseulles.fr\/index.php\/wp-json\/wp\/v2\/media?parent=189"}],"wp:term":[{"taxonomy":"category","embeddable":true,"href":"https:\/\/epu-courseulles.fr\/index.php\/wp-json\/wp\/v2\/categories?post=189"},{"taxonomy":"post_tag","embeddable":true,"href":"https:\/\/epu-courseulles.fr\/index.php\/wp-json\/wp\/v2\/tags?post=189"}],"curies":[{"name":"wp","href":"https:\/\/api.w.org\/{rel}","templated":true}]}}