{"id":314,"date":"2025-05-20T20:48:46","date_gmt":"2025-05-20T18:48:46","guid":{"rendered":"https:\/\/epu-courseulles.fr\/?p=314"},"modified":"2025-05-20T20:48:47","modified_gmt":"2025-05-20T18:48:47","slug":"journee-de-lascension-jeudi-29-mai-2025","status":"publish","type":"post","link":"https:\/\/epu-courseulles.fr\/index.php\/2025\/05\/20\/journee-de-lascension-jeudi-29-mai-2025\/","title":{"rendered":"Journ\u00e9e de l&rsquo;Ascension &#8211; Jeudi 29 mai 2025"},"content":{"rendered":"\n<div data-wp-interactive=\"core\/file\" class=\"wp-block-file\"><object data-wp-bind--hidden=\"!state.hasPdfPreview\" hidden class=\"wp-block-file__embed\" data=\"https:\/\/epu-courseulles.fr\/wp-content\/uploads\/2025\/05\/8e3d7454-c16f-4628-a490-ca6acd362756.pdf\" type=\"application\/pdf\" style=\"width:100%;height:600px\" aria-label=\"Contenu embarqu\u00e9 8e3d7454-c16f-4628-a490-ca6acd362756.\"><\/object><a id=\"wp-block-file--media-61863fe3-6cba-464b-bc45-58d06db307d0\" href=\"https:\/\/epu-courseulles.fr\/wp-content\/uploads\/2025\/05\/8e3d7454-c16f-4628-a490-ca6acd362756.pdf\">8e3d7454-c16f-4628-a490-ca6acd362756<\/a><a href=\"https:\/\/epu-courseulles.fr\/wp-content\/uploads\/2025\/05\/8e3d7454-c16f-4628-a490-ca6acd362756.pdf\" class=\"wp-block-file__button wp-element-button\" download aria-describedby=\"wp-block-file--media-61863fe3-6cba-464b-bc45-58d06db307d0\">T\u00e9l\u00e9charger<\/a><\/div>\n\n\n\n<p>Bonjour \u00e0 tous, Nous sommes heureux de vous inviter, cette ann\u00e9e encore, pour une journ\u00e9e de partage fraternel , Jeudi de l\u2019Ascension, le 29 mai 2025 de 9h30 \u00e0 17h30: <strong>Salle du Bassin Joinville, rue du Bassin 14470 Courseulles s\/mer.<\/strong><\/p>\n\n\n\n<p class=\"has-text-align-center\"><strong>\u00ab Respire, Esp\u00e8re, recevoir sa paix pour agir avec esp\u00e9rance\u2026.\u00bb<\/strong><\/p>\n\n\n\n<p>9h30 : accueil Au cours de la journ\u00e9e nous partagerons autour de ce th\u00e8me qui est celui du grand Kiff 2025 en alternant temps de pri\u00e8re, de chants, de partages bibliques, d\u2019\u00e9changes, des animations seront pr\u00e9vues pour les enfants.<\/p>\n\n\n\n<p>12h30 : repas partag\u00e9 <\/p>\n\n\n\n<p>15h30 : concert de musique iranienne m\u00e9ditative par Soroush Kamalian. (Kamancheh, Oud) <\/p>\n\n\n\n<p>16h15 : culte<\/p>\n\n\n\n<p>Merci de diffuser cette invitation autour de vous.<\/p>\n\n\n\n<p>Chacun peut se sentir libre de venir pour toute la journ\u00e9e, au repas, pour le culte ou simplement le concert.<\/p>\n\n\n\n<p>Dans l\u2019attente de se revoir, Fraternellement<\/p>\n\n\n\n<p class=\"has-text-align-right\">Le Conseil Presbyt\u00e9ral<\/p>\n\n\n\n<p><\/p>\n","protected":false},"excerpt":{"rendered":"<p>Bonjour \u00e0 tous, Nous sommes heureux de vous inviter, cette ann\u00e9e encore, pour une journ\u00e9e de partage fraternel , Jeudi de l\u2019Ascension, le 29 mai 2025 de 9h30 \u00e0 17h30: Salle du Bassin Joinville, rue du Bassin 14470 Courseulles s\/mer. \u00ab Respire, Esp\u00e8re, recevoir sa paix pour agir avec esp\u00e9rance\u2026.\u00bb 9h30 : accueil Au cours de la journ\u00e9e nous partagerons autour de ce th\u00e8me qui est celui du grand Kiff 2025 en alternant temps de pri\u00e8re, de chants, de partages&#8230;<\/p>\n<p class=\"read-more\"><a class=\"btn btn-default\" href=\"https:\/\/epu-courseulles.fr\/index.php\/2025\/05\/20\/journee-de-lascension-jeudi-29-mai-2025\/\">Lire la suite<span class=\"screen-reader-text\"> Lire la suite<\/span><\/a><\/p>\n","protected":false},"author":1,"featured_media":318,"comment_status":"open","ping_status":"open","sticky":false,"template":"","format":"standard","meta":{"_jetpack_memberships_contains_paid_content":false,"footnotes":""},"categories":[4],"tags":[],"class_list":["post-314","post","type-post","status-publish","format-standard","has-post-thumbnail","hentry","category-actualites"],"yoast_head":"<!-- This site is optimized with the Yoast SEO plugin v22.6 - https:\/\/yoast.com\/wordpress\/plugins\/seo\/ -->\n<title>Journ\u00e9e de l&#039;Ascension - Jeudi 29 mai 2025 - Eglise Protestante Unie de Courseulles<\/title>\n<meta name=\"robots\" content=\"index, follow, max-snippet:-1, max-image-preview:large, max-video-preview:-1\" \/>\n<link rel=\"canonical\" href=\"https:\/\/epu-courseulles.fr\/index.php\/2025\/05\/20\/journee-de-lascension-jeudi-29-mai-2025\/\" \/>\n<meta property=\"og:locale\" content=\"fr_FR\" \/>\n<meta property=\"og:type\" content=\"article\" \/>\n<meta property=\"og:title\" content=\"Journ\u00e9e de l&#039;Ascension - Jeudi 29 mai 2025 - Eglise Protestante Unie de Courseulles\" \/>\n<meta property=\"og:description\" content=\"Bonjour \u00e0 tous, Nous sommes heureux de vous inviter, cette ann\u00e9e encore, pour une journ\u00e9e de partage fraternel , Jeudi de l\u2019Ascension, le 29 mai 2025 de 9h30 \u00e0 17h30: Salle du Bassin Joinville, rue du Bassin 14470 Courseulles s\/mer. \u00ab Respire, Esp\u00e8re, recevoir sa paix pour agir avec esp\u00e9rance\u2026.\u00bb 9h30 : accueil Au cours de la journ\u00e9e nous partagerons autour de ce th\u00e8me qui est celui du grand Kiff 2025 en alternant temps de pri\u00e8re, de chants, de partages...Lire la suite Lire la suite\" \/>\n<meta property=\"og:url\" content=\"https:\/\/epu-courseulles.fr\/index.php\/2025\/05\/20\/journee-de-lascension-jeudi-29-mai-2025\/\" \/>\n<meta property=\"og:site_name\" content=\"Eglise Protestante Unie de Courseulles\" \/>\n<meta property=\"article:published_time\" content=\"2025-05-20T18:48:46+00:00\" \/>\n<meta property=\"article:modified_time\" content=\"2025-05-20T18:48:47+00:00\" \/>\n<meta property=\"og:image\" content=\"https:\/\/epu-courseulles.fr\/wp-content\/uploads\/2025\/05\/ChatGPT-Image-20-mai-2025-a-20_47_42-1024x683.png\" \/>\n\t<meta property=\"og:image:width\" content=\"1024\" \/>\n\t<meta property=\"og:image:height\" content=\"683\" \/>\n\t<meta property=\"og:image:type\" content=\"image\/png\" \/>\n<meta name=\"author\" content=\"Pierre\" \/>\n<meta name=\"twitter:card\" content=\"summary_large_image\" \/>\n<meta name=\"twitter:label1\" content=\"\u00c9crit par\" \/>\n\t<meta name=\"twitter:data1\" content=\"Pierre\" \/>\n\t<meta name=\"twitter:label2\" content=\"Dur\u00e9e de lecture estim\u00e9e\" \/>\n\t<meta name=\"twitter:data2\" content=\"1 minute\" \/>\n<script type=\"application\/ld+json\" class=\"yoast-schema-graph\">{\"@context\":\"https:\/\/schema.org\",\"@graph\":[{\"@type\":\"WebPage\",\"@id\":\"https:\/\/epu-courseulles.fr\/index.php\/2025\/05\/20\/journee-de-lascension-jeudi-29-mai-2025\/\",\"url\":\"https:\/\/epu-courseulles.fr\/index.php\/2025\/05\/20\/journee-de-lascension-jeudi-29-mai-2025\/\",\"name\":\"Journ\u00e9e de l'Ascension - Jeudi 29 mai 2025 - Eglise Protestante Unie de Courseulles\",\"isPartOf\":{\"@id\":\"https:\/\/epu-courseulles.fr\/#website\"},\"primaryImageOfPage\":{\"@id\":\"https:\/\/epu-courseulles.fr\/index.php\/2025\/05\/20\/journee-de-lascension-jeudi-29-mai-2025\/#primaryimage\"},\"image\":{\"@id\":\"https:\/\/epu-courseulles.fr\/index.php\/2025\/05\/20\/journee-de-lascension-jeudi-29-mai-2025\/#primaryimage\"},\"thumbnailUrl\":\"https:\/\/i0.wp.com\/epu-courseulles.fr\/wp-content\/uploads\/2025\/05\/ChatGPT-Image-20-mai-2025-a-20_47_42.png?fit=1536%2C1024&ssl=1\",\"datePublished\":\"2025-05-20T18:48:46+00:00\",\"dateModified\":\"2025-05-20T18:48:47+00:00\",\"author\":{\"@id\":\"https:\/\/epu-courseulles.fr\/#\/schema\/person\/33a2eacf86f1eecf693a86f050054a99\"},\"breadcrumb\":{\"@id\":\"https:\/\/epu-courseulles.fr\/index.php\/2025\/05\/20\/journee-de-lascension-jeudi-29-mai-2025\/#breadcrumb\"},\"inLanguage\":\"fr-FR\",\"potentialAction\":[{\"@type\":\"ReadAction\",\"target\":[\"https:\/\/epu-courseulles.fr\/index.php\/2025\/05\/20\/journee-de-lascension-jeudi-29-mai-2025\/\"]}]},{\"@type\":\"ImageObject\",\"inLanguage\":\"fr-FR\",\"@id\":\"https:\/\/epu-courseulles.fr\/index.php\/2025\/05\/20\/journee-de-lascension-jeudi-29-mai-2025\/#primaryimage\",\"url\":\"https:\/\/i0.wp.com\/epu-courseulles.fr\/wp-content\/uploads\/2025\/05\/ChatGPT-Image-20-mai-2025-a-20_47_42.png?fit=1536%2C1024&ssl=1\",\"contentUrl\":\"https:\/\/i0.wp.com\/epu-courseulles.fr\/wp-content\/uploads\/2025\/05\/ChatGPT-Image-20-mai-2025-a-20_47_42.png?fit=1536%2C1024&ssl=1\",\"width\":1536,\"height\":1024},{\"@type\":\"BreadcrumbList\",\"@id\":\"https:\/\/epu-courseulles.fr\/index.php\/2025\/05\/20\/journee-de-lascension-jeudi-29-mai-2025\/#breadcrumb\",\"itemListElement\":[{\"@type\":\"ListItem\",\"position\":1,\"name\":\"Accueil\",\"item\":\"https:\/\/epu-courseulles.fr\/\"},{\"@type\":\"ListItem\",\"position\":2,\"name\":\"Journ\u00e9e de l&rsquo;Ascension &#8211; Jeudi 29 mai 2025\"}]},{\"@type\":\"WebSite\",\"@id\":\"https:\/\/epu-courseulles.fr\/#website\",\"url\":\"https:\/\/epu-courseulles.fr\/\",\"name\":\"Eglise Protestante Unie de Courseulles\",\"description\":\"Site de la Paroisse de Courseulles - C\u00f4te de Nacre\",\"potentialAction\":[{\"@type\":\"SearchAction\",\"target\":{\"@type\":\"EntryPoint\",\"urlTemplate\":\"https:\/\/epu-courseulles.fr\/?s={search_term_string}\"},\"query-input\":\"required name=search_term_string\"}],\"inLanguage\":\"fr-FR\"},{\"@type\":\"Person\",\"@id\":\"https:\/\/epu-courseulles.fr\/#\/schema\/person\/33a2eacf86f1eecf693a86f050054a99\",\"name\":\"Pierre\",\"image\":{\"@type\":\"ImageObject\",\"inLanguage\":\"fr-FR\",\"@id\":\"https:\/\/epu-courseulles.fr\/#\/schema\/person\/image\/\",\"url\":\"https:\/\/secure.gravatar.com\/avatar\/6d9cacc205d56bba742dcce7413281a1ee151d563bf0b5fdebf2fdd02556e920?s=96&d=mm&r=g\",\"contentUrl\":\"https:\/\/secure.gravatar.com\/avatar\/6d9cacc205d56bba742dcce7413281a1ee151d563bf0b5fdebf2fdd02556e920?s=96&d=mm&r=g\",\"caption\":\"Pierre\"},\"sameAs\":[\"http:\/\/epu-courseulles.fr\"],\"url\":\"https:\/\/epu-courseulles.fr\/index.php\/author\/admin2727\/\"}]}<\/script>\n<!-- \/ Yoast SEO plugin. -->","yoast_head_json":{"title":"Journ\u00e9e de l'Ascension - Jeudi 29 mai 2025 - Eglise Protestante Unie de Courseulles","robots":{"index":"index","follow":"follow","max-snippet":"max-snippet:-1","max-image-preview":"max-image-preview:large","max-video-preview":"max-video-preview:-1"},"canonical":"https:\/\/epu-courseulles.fr\/index.php\/2025\/05\/20\/journee-de-lascension-jeudi-29-mai-2025\/","og_locale":"fr_FR","og_type":"article","og_title":"Journ\u00e9e de l'Ascension - Jeudi 29 mai 2025 - Eglise Protestante Unie de Courseulles","og_description":"Bonjour \u00e0 tous, Nous sommes heureux de vous inviter, cette ann\u00e9e encore, pour une journ\u00e9e de partage fraternel , Jeudi de l\u2019Ascension, le 29 mai 2025 de 9h30 \u00e0 17h30: Salle du Bassin Joinville, rue du Bassin 14470 Courseulles s\/mer. \u00ab Respire, Esp\u00e8re, recevoir sa paix pour agir avec esp\u00e9rance\u2026.\u00bb 9h30 : accueil Au cours de la journ\u00e9e nous partagerons autour de ce th\u00e8me qui est celui du grand Kiff 2025 en alternant temps de pri\u00e8re, de chants, de partages...Lire la suite Lire la suite","og_url":"https:\/\/epu-courseulles.fr\/index.php\/2025\/05\/20\/journee-de-lascension-jeudi-29-mai-2025\/","og_site_name":"Eglise Protestante Unie de Courseulles","article_published_time":"2025-05-20T18:48:46+00:00","article_modified_time":"2025-05-20T18:48:47+00:00","og_image":[{"width":1024,"height":683,"url":"https:\/\/epu-courseulles.fr\/wp-content\/uploads\/2025\/05\/ChatGPT-Image-20-mai-2025-a-20_47_42-1024x683.png","type":"image\/png"}],"author":"Pierre","twitter_card":"summary_large_image","twitter_misc":{"\u00c9crit par":"Pierre","Dur\u00e9e de lecture estim\u00e9e":"1 minute"},"schema":{"@context":"https:\/\/schema.org","@graph":[{"@type":"WebPage","@id":"https:\/\/epu-courseulles.fr\/index.php\/2025\/05\/20\/journee-de-lascension-jeudi-29-mai-2025\/","url":"https:\/\/epu-courseulles.fr\/index.php\/2025\/05\/20\/journee-de-lascension-jeudi-29-mai-2025\/","name":"Journ\u00e9e de l'Ascension - Jeudi 29 mai 2025 - Eglise Protestante Unie de Courseulles","isPartOf":{"@id":"https:\/\/epu-courseulles.fr\/#website"},"primaryImageOfPage":{"@id":"https:\/\/epu-courseulles.fr\/index.php\/2025\/05\/20\/journee-de-lascension-jeudi-29-mai-2025\/#primaryimage"},"image":{"@id":"https:\/\/epu-courseulles.fr\/index.php\/2025\/05\/20\/journee-de-lascension-jeudi-29-mai-2025\/#primaryimage"},"thumbnailUrl":"https:\/\/i0.wp.com\/epu-courseulles.fr\/wp-content\/uploads\/2025\/05\/ChatGPT-Image-20-mai-2025-a-20_47_42.png?fit=1536%2C1024&ssl=1","datePublished":"2025-05-20T18:48:46+00:00","dateModified":"2025-05-20T18:48:47+00:00","author":{"@id":"https:\/\/epu-courseulles.fr\/#\/schema\/person\/33a2eacf86f1eecf693a86f050054a99"},"breadcrumb":{"@id":"https:\/\/epu-courseulles.fr\/index.php\/2025\/05\/20\/journee-de-lascension-jeudi-29-mai-2025\/#breadcrumb"},"inLanguage":"fr-FR","potentialAction":[{"@type":"ReadAction","target":["https:\/\/epu-courseulles.fr\/index.php\/2025\/05\/20\/journee-de-lascension-jeudi-29-mai-2025\/"]}]},{"@type":"ImageObject","inLanguage":"fr-FR","@id":"https:\/\/epu-courseulles.fr\/index.php\/2025\/05\/20\/journee-de-lascension-jeudi-29-mai-2025\/#primaryimage","url":"https:\/\/i0.wp.com\/epu-courseulles.fr\/wp-content\/uploads\/2025\/05\/ChatGPT-Image-20-mai-2025-a-20_47_42.png?fit=1536%2C1024&ssl=1","contentUrl":"https:\/\/i0.wp.com\/epu-courseulles.fr\/wp-content\/uploads\/2025\/05\/ChatGPT-Image-20-mai-2025-a-20_47_42.png?fit=1536%2C1024&ssl=1","width":1536,"height":1024},{"@type":"BreadcrumbList","@id":"https:\/\/epu-courseulles.fr\/index.php\/2025\/05\/20\/journee-de-lascension-jeudi-29-mai-2025\/#breadcrumb","itemListElement":[{"@type":"ListItem","position":1,"name":"Accueil","item":"https:\/\/epu-courseulles.fr\/"},{"@type":"ListItem","position":2,"name":"Journ\u00e9e de l&rsquo;Ascension &#8211; Jeudi 29 mai 2025"}]},{"@type":"WebSite","@id":"https:\/\/epu-courseulles.fr\/#website","url":"https:\/\/epu-courseulles.fr\/","name":"Eglise Protestante Unie de Courseulles","description":"Site de la Paroisse de Courseulles - C\u00f4te de Nacre","potentialAction":[{"@type":"SearchAction","target":{"@type":"EntryPoint","urlTemplate":"https:\/\/epu-courseulles.fr\/?s={search_term_string}"},"query-input":"required name=search_term_string"}],"inLanguage":"fr-FR"},{"@type":"Person","@id":"https:\/\/epu-courseulles.fr\/#\/schema\/person\/33a2eacf86f1eecf693a86f050054a99","name":"Pierre","image":{"@type":"ImageObject","inLanguage":"fr-FR","@id":"https:\/\/epu-courseulles.fr\/#\/schema\/person\/image\/","url":"https:\/\/secure.gravatar.com\/avatar\/6d9cacc205d56bba742dcce7413281a1ee151d563bf0b5fdebf2fdd02556e920?s=96&d=mm&r=g","contentUrl":"https:\/\/secure.gravatar.com\/avatar\/6d9cacc205d56bba742dcce7413281a1ee151d563bf0b5fdebf2fdd02556e920?s=96&d=mm&r=g","caption":"Pierre"},"sameAs":["http:\/\/epu-courseulles.fr"],"url":"https:\/\/epu-courseulles.fr\/index.php\/author\/admin2727\/"}]}},"jetpack_sharing_enabled":true,"jetpack_featured_media_url":"https:\/\/i0.wp.com\/epu-courseulles.fr\/wp-content\/uploads\/2025\/05\/ChatGPT-Image-20-mai-2025-a-20_47_42.png?fit=1536%2C1024&ssl=1","jetpack-related-posts":[],"_links":{"self":[{"href":"https:\/\/epu-courseulles.fr\/index.php\/wp-json\/wp\/v2\/posts\/314","targetHints":{"allow":["GET"]}}],"collection":[{"href":"https:\/\/epu-courseulles.fr\/index.php\/wp-json\/wp\/v2\/posts"}],"about":[{"href":"https:\/\/epu-courseulles.fr\/index.php\/wp-json\/wp\/v2\/types\/post"}],"author":[{"embeddable":true,"href":"https:\/\/epu-courseulles.fr\/index.php\/wp-json\/wp\/v2\/users\/1"}],"replies":[{"embeddable":true,"href":"https:\/\/epu-courseulles.fr\/index.php\/wp-json\/wp\/v2\/comments?post=314"}],"version-history":[{"count":1,"href":"https:\/\/epu-courseulles.fr\/index.php\/wp-json\/wp\/v2\/posts\/314\/revisions"}],"predecessor-version":[{"id":317,"href":"https:\/\/epu-courseulles.fr\/index.php\/wp-json\/wp\/v2\/posts\/314\/revisions\/317"}],"wp:featuredmedia":[{"embeddable":true,"href":"https:\/\/epu-courseulles.fr\/index.php\/wp-json\/wp\/v2\/media\/318"}],"wp:attachment":[{"href":"https:\/\/epu-courseulles.fr\/index.php\/wp-json\/wp\/v2\/media?parent=314"}],"wp:term":[{"taxonomy":"category","embeddable":true,"href":"https:\/\/epu-courseulles.fr\/index.php\/wp-json\/wp\/v2\/categories?post=314"},{"taxonomy":"post_tag","embeddable":true,"href":"https:\/\/epu-courseulles.fr\/index.php\/wp-json\/wp\/v2\/tags?post=314"}],"curies":[{"name":"wp","href":"https:\/\/api.w.org\/{rel}","templated":true}]}}