{"id":343,"date":"2026-01-25T18:07:45","date_gmt":"2026-01-25T17:07:45","guid":{"rendered":"https:\/\/epu-courseulles.fr\/?p=343"},"modified":"2026-01-25T18:07:46","modified_gmt":"2026-01-25T17:07:46","slug":"predication-une-lumiere-sest-levee","status":"publish","type":"post","link":"https:\/\/epu-courseulles.fr\/index.php\/2026\/01\/25\/predication-une-lumiere-sest-levee\/","title":{"rendered":"Pr\u00e9dication \u2013 \u00ab Une lumi\u00e8re s\u2019est lev\u00e9e \u00bb"},"content":{"rendered":"\n<p>\u00c9sa\u00efe 8.23-9.3 \/ 1 Corinthiens 1.10-13 \/ Matthieu 4.12-23<\/p>\n\n\n\n<h2 class=\"wp-block-heading\">Introduction \u2013 Nommer les t\u00e9n\u00e8bres<\/h2>\n\n\n\n<p>Fr\u00e8res et s\u0153urs,<\/p>\n\n\n\n<p>Avant de parler de lumi\u00e8re, il faut oser parler des t\u00e9n\u00e8bres.<\/p>\n\n\n\n<p>Car la lumi\u00e8re n\u2019a de sens que l\u00e0 o\u00f9 quelque chose manque, l\u00e0 o\u00f9 quelque chose est obscur, bless\u00e9, incertain.<\/p>\n\n\n\n<p>Les textes bibliques de ce dimanche ne commencent pas par une victoire \u00e9clatante, ni par une louange triomphale. Ils commencent par un constat dur, lucide, presque brutal : le peuple marche dans l\u2019obscurit\u00e9.<\/p>\n\n\n\n<p>Pas une obscurit\u00e9 vague ou po\u00e9tique, mais une obscurit\u00e9 concr\u00e8te : oppression, invasion, peur, divisions, perte de rep\u00e8res.<\/p>\n\n\n\n<p>Et si cette parole nous rejoint encore aujourd\u2019hui, c\u2019est parce que nous savons, nous aussi, ce que signifie marcher dans l\u2019ombre.<\/p>\n\n\n\n<p>Il y a les t\u00e9n\u00e8bres du monde : les guerres, les injustices, les fractures sociales, les violences visibles ou silencieuses.<\/p>\n\n\n\n<p>Il y a aussi les t\u00e9n\u00e8bres plus intimes : celles du doute, de l\u2019\u00e9puisement, de la solitude, du deuil, de la culpabilit\u00e9 parfois.<\/p>\n\n\n\n<p>Et puis, il y a les t\u00e9n\u00e8bres communautaires : l\u2019incompr\u00e9hension entre croyants, les divisions, les blessures au sein m\u00eame de l\u2019\u00c9glise.<\/p>\n\n\n\n<p>La Bible ne nie jamais ces r\u00e9alit\u00e9s. Elle ne les minimise pas. Elle ne les spiritualise pas pour les rendre inoffensives.<\/p>\n\n\n\n<p>Mais \u2014 et c\u2019est l\u00e0 le c\u0153ur de l\u2019\u00c9vangile \u2014 elle annonce que Dieu entre dans ces t\u00e9n\u00e8bres.<\/p>\n\n\n\n<h2 class=\"wp-block-heading\">I. La lumi\u00e8re promise au c\u0153ur de l\u2019histoire \u2013 \u00c9sa\u00efe<\/h2>\n\n\n\n<p>Le proph\u00e8te \u00c9sa\u00efe parle \u00e0 un peuple humili\u00e9. Les r\u00e9gions de Zabulon et de Neftali ont \u00e9t\u00e9 les premi\u00e8res \u00e0 subir l\u2019invasion assyrienne. Ce sont des territoires bless\u00e9s, marginalis\u00e9s, consid\u00e9r\u00e9s comme perdus.<\/p>\n\n\n\n<p>Et pourtant, ce sont ces terres-l\u00e0 que Dieu choisit pour faire entendre une promesse :<\/p>\n\n\n\n<p>\u00ab Le peuple qui marchait dans l\u2019obscurit\u00e9 voit une grande lumi\u00e8re. \u00bb<\/p>\n\n\n\n<p>Remarquons bien : le texte ne dit pas \u00ab le peuple qui sort de l\u2019obscurit\u00e9 \u00bb, mais le peuple qui marche encore dedans.<\/p>\n\n\n\n<p>La lumi\u00e8re ne vient pas \u00e0 la fin du tunnel ; elle surgit pendant la marche, au c\u0153ur m\u00eame de la nuit.<\/p>\n\n\n\n<p>C\u2019est fondamental pour notre foi.<\/p>\n\n\n\n<p>Dieu ne conditionne pas sa pr\u00e9sence \u00e0 notre r\u00e9ussite spirituelle. Il n\u2019attend pas que nous ayons tout compris, tout r\u00e9gl\u00e9, tout r\u00e9par\u00e9.<\/p>\n\n\n\n<p>Il promet une lumi\u00e8re avant la victoire, avant la paix, avant la d\u00e9livrance compl\u00e8te.<\/p>\n\n\n\n<p>Et cette lumi\u00e8re, \u00c9sa\u00efe la d\u00e9crit avec des images fortes : la joie retrouv\u00e9e, le joug bris\u00e9, l\u2019oppression lev\u00e9e.<\/p>\n\n\n\n<p>Autrement dit, cette lumi\u00e8re n\u2019est pas seulement int\u00e9rieure ou symbolique : elle transforme la r\u00e9alit\u00e9.<\/p>\n\n\n\n<p>Mais d\u00e9j\u00e0, chez \u00c9sa\u00efe, quelque chose d\u00e9passe Isra\u00ebl. La Galil\u00e9e est appel\u00e9e \u00ab r\u00e9gion des \u00e9trangers \u00bb, territoire m\u00eal\u00e9, fronti\u00e8re ouverte.<\/p>\n\n\n\n<p>La promesse d\u00e9borde. La lumi\u00e8re annonc\u00e9e ne sera pas r\u00e9serv\u00e9e \u00e0 un seul peuple, \u00e0 une seule culture, \u00e0 une seule histoire.<\/p>\n\n\n\n<p>Et c\u2019est l\u00e0 que nous pouvons introduire, doucement, la symbolique universelle de la lumi\u00e8re.<\/p>\n\n\n\n<h2 class=\"wp-block-heading\">II. La lumi\u00e8re comme symbole universel<\/h2>\n\n\n\n<p>La lumi\u00e8re est peut-\u00eatre le symbole le plus partag\u00e9 de l\u2019humanit\u00e9.<\/p>\n\n\n\n<p>Dans presque toutes les cultures, toutes les traditions, elle \u00e9voque la vie, la v\u00e9rit\u00e9, la connaissance, la pr\u00e9sence du divin.<\/p>\n\n\n\n<p>La lumi\u00e8re rassure, \u00e9claire, oriente. Elle permet de voir, mais aussi de vivre.<\/p>\n\n\n\n<p>Et la Bible ne s\u2019oppose pas \u00e0 cette universalit\u00e9. Au contraire, elle l\u2019assume.<\/p>\n\n\n\n<p>D\u00e8s la Gen\u00e8se, Dieu dit : \u00ab Que la lumi\u00e8re soit \u00bb.<\/p>\n\n\n\n<p>La lumi\u00e8re est le premier don, le premier signe de la cr\u00e9ation.<\/p>\n\n\n\n<p>Mais la foi biblique va plus loin : elle ne s\u2019arr\u00eate pas \u00e0 une lumi\u00e8re cosmique ou abstraite.<\/p>\n\n\n\n<p>Elle affirme que la lumi\u00e8re prend visage, qu\u2019elle devient relation, qu\u2019elle s\u2019adresse \u00e0 l\u2019humanit\u00e9.<\/p>\n\n\n\n<p>C\u2019est ce que nous allons voir avec l\u2019\u00c9vangile.<\/p>\n\n\n\n<h2 class=\"wp-block-heading\">III. La lumi\u00e8re incarn\u00e9e \u2013 J\u00e9sus en Galil\u00e9e<\/h2>\n\n\n\n<p>Matthieu est tr\u00e8s pr\u00e9cis. J\u00e9sus quitte Nazareth et s\u2019installe \u00e0 Capharna\u00fcm, au bord du lac.<\/p>\n\n\n\n<p>Ce n\u2019est pas un d\u00e9tail g\u00e9ographique anodin. C\u2019est un geste th\u00e9ologique.<\/p>\n\n\n\n<p>J\u00e9sus commence sa mission dans la Galil\u00e9e des nations, l\u00e0 o\u00f9 les fronti\u00e8res sont poreuses, l\u00e0 o\u00f9 les identit\u00e9s sont m\u00eal\u00e9es, l\u00e0 o\u00f9 la puret\u00e9 religieuse n\u2019est pas garantie.<\/p>\n\n\n\n<p>Et Matthieu nous dit clairement : c\u2019est l\u2019accomplissement de la promesse d\u2019\u00c9sa\u00efe.<\/p>\n\n\n\n<p>La lumi\u00e8re annonc\u00e9e n\u2019est plus une attente : elle est l\u00e0.<\/p>\n\n\n\n<p>Elle marche sur les chemins poussi\u00e9reux.<\/p>\n\n\n\n<p>Elle regarde les hommes dans les yeux.<\/p>\n\n\n\n<p>Elle appelle par leur nom des p\u00eacheurs ordinaires.<\/p>\n\n\n\n<p>Et le premier mot de J\u00e9sus est simple, mais exigeant :<\/p>\n\n\n\n<p>\u00ab Changez de vie, car le Royaume des cieux est tout proche. \u00bb<\/p>\n\n\n\n<p>La lumi\u00e8re ne vient pas seulement consoler ; elle d\u00e9place.<\/p>\n\n\n\n<p>Elle r\u00e9v\u00e8le ce qui doit changer. Elle \u00e9claire nos orientations, nos choix, nos attachements.<\/p>\n\n\n\n<p>Quand J\u00e9sus appelle Pierre, Andr\u00e9, Jacques et Jean, il ne leur donne pas un programme d\u00e9taill\u00e9.<\/p>\n\n\n\n<p>Il ne leur promet pas la s\u00e9curit\u00e9.<\/p>\n\n\n\n<p>Il leur dit simplement : \u00ab Suis-moi. \u00bb<\/p>\n\n\n\n<p>Et eux laissent leurs filets.<\/p>\n\n\n\n<p>Fr\u00e8res et s\u0153urs, c\u2019est peut-\u00eatre l\u00e0 que la lumi\u00e8re devient int\u00e9rieure.<\/p>\n\n\n\n<p>Non pas comme une illumination spectaculaire, mais comme un appel discret, persistant, qui nous invite \u00e0 l\u00e2cher ce qui nous retient pour entrer dans une vie plus vaste.<\/p>\n\n\n\n<h2 class=\"wp-block-heading\">IV. Lumi\u00e8re et gr\u00e2ce : un don imm\u00e9rit\u00e9<\/h2>\n\n\n\n<p>Il est important de le dire clairement : cette lumi\u00e8re n\u2019est pas une r\u00e9compense.<\/p>\n\n\n\n<p>Elle est gr\u00e2ce.<\/p>\n\n\n\n<p>Les premiers disciples ne sont ni les plus pieux, ni les plus savants.<\/p>\n\n\n\n<p>La Galil\u00e9e n\u2019est pas la r\u00e9gion la plus prestigieuse.<\/p>\n\n\n\n<p>Et pourtant, c\u2019est l\u00e0 que Dieu commence.<\/p>\n\n\n\n<p>Cela rejoint profond\u00e9ment la th\u00e9ologie de la gr\u00e2ce :<\/p>\n\n\n\n<p>Dieu n\u2019\u00e9claire pas ceux qui le m\u00e9ritent ;<\/p>\n\n\n\n<p>il \u00e9claire ceux qui accueillent.<\/p>\n\n\n\n<p>La lumi\u00e8re du Christ n\u2019est pas conquise par l\u2019effort humain, elle est re\u00e7ue dans la foi.<\/p>\n\n\n\n<p>Et cette gr\u00e2ce est universelle : elle ne conna\u00eet ni fronti\u00e8res, ni hi\u00e9rarchies, ni exclusions.<\/p>\n\n\n\n<p>Mais alors, une question surgit :<\/p>\n\n\n\n<p>si cette lumi\u00e8re est donn\u00e9e \u00e0 tous, pourquoi sommes-nous encore divis\u00e9s ?<\/p>\n\n\n\n<h2 class=\"wp-block-heading\">V. Une lumi\u00e8re qui d\u00e9nonce les divisions \u2013 Paul \u00e0 Corinthe<\/h2>\n\n\n\n<p>Paul \u00e9crit \u00e0 une \u00c9glise jeune, vivante, mais profond\u00e9ment fractur\u00e9e.<\/p>\n\n\n\n<p>\u00c0 Corinthe, on se r\u00e9clame de tel ou tel pr\u00e9dicateur. On compare, on hi\u00e9rarchise, on s\u2019oppose.<\/p>\n\n\n\n<p>Et Paul pose une question d\u00e9cisive :<\/p>\n\n\n\n<p>\u00ab Le Christ est-il divis\u00e9 ? \u00bb<\/p>\n\n\n\n<p>Autrement dit : comment la lumi\u00e8re pourrait-elle produire des t\u00e9n\u00e8bres ?<\/p>\n\n\n\n<p>Comment celui qui \u00e9claire tous les hommes pourrait-il devenir un motif de rivalit\u00e9 ?<\/p>\n\n\n\n<p>Paul recentre tout sur la croix.<\/p>\n\n\n\n<p>Ce n\u2019est ni Paul, ni Apollos, ni Pierre qui sauvent.<\/p>\n\n\n\n<p>C\u2019est le Christ crucifi\u00e9.<\/p>\n\n\n\n<p>La lumi\u00e8re v\u00e9ritable ne vient pas de notre sagesse, de nos syst\u00e8mes, de nos appartenances.<\/p>\n\n\n\n<p>Elle jaillit d\u2019un lieu paradoxal : la croix, lieu de faiblesse, d\u2019abandon, d\u2019obscurit\u00e9 apparente.<\/p>\n\n\n\n<p>Et c\u2019est l\u00e0 que nous pouvons faire un pas de plus dans la symbolique.<\/p>\n\n\n\n<h2 class=\"wp-block-heading\">VI. Lumi\u00e8re, croix et unit\u00e9<\/h2>\n\n\n\n<p>La croix est form\u00e9e de deux axes :<\/p>\n\n\n\n<p>&#8211; un axe vertical, qui relie l\u2019humanit\u00e9 \u00e0 Dieu ;<\/p>\n\n\n\n<p>&#8211; un axe horizontal, qui relie les humains entre eux.<\/p>\n\n\n\n<p>Lorsque ces deux axes se rencontrent, la lumi\u00e8re surgit.<\/p>\n\n\n\n<p>L\u2019unit\u00e9 chr\u00e9tienne n\u2019est jamais seulement sociale ou affective.<\/p>\n\n\n\n<p>Elle est enracin\u00e9e dans une r\u00e9conciliation plus profonde : la r\u00e9conciliation avec Dieu.<\/p>\n\n\n\n<p>Et inversement, notre relation \u00e0 Dieu ne peut pas \u00eatre authentique si elle ignore la relation aux autres.<\/p>\n\n\n\n<p>La lumi\u00e8re du Christ \u00e9claire en profondeur :<\/p>\n\n\n\n<p>&#8211; elle r\u00e9concilie int\u00e9rieurement,<\/p>\n\n\n\n<p>&#8211; elle rassemble communautairement,<\/p>\n\n\n\n<p>&#8211; elle ouvre \u00e0 une communion plus vaste que nous-m\u00eames.<\/p>\n\n\n\n<p>Ce n\u2019est pas \u00e9sot\u00e9rique. C\u2019est profond\u00e9ment biblique.<\/p>\n\n\n\n<h2 class=\"wp-block-heading\">Conclusion \u2013 Marcher comme des enfants de lumi\u00e8re<\/h2>\n\n\n\n<p>Fr\u00e8res et s\u0153urs,<\/p>\n\n\n\n<p>Les textes de ce jour nous invitent \u00e0 un m\u00eame mouvement : accueillir la lumi\u00e8re et marcher ensemble.<\/p>\n\n\n\n<p>Accueillir la lumi\u00e8re :<\/p>\n\n\n\n<p>&#8211; dans nos t\u00e9n\u00e8bres personnelles, sans honte ;<\/p>\n\n\n\n<p>&#8211; dans nos fragilit\u00e9s communautaires, sans peur ;<\/p>\n\n\n\n<p>&#8211; dans notre monde bless\u00e9, sans na\u00efvet\u00e9.<\/p>\n\n\n\n<p>Marcher ensemble :<\/p>\n\n\n\n<p>&#8211; non pas en niant nos diff\u00e9rences,<\/p>\n\n\n\n<p>&#8211; mais en refusant qu\u2019elles deviennent des divisions,<\/p>\n\n\n\n<p>&#8211; en laissant le Christ \u00eatre notre centre.<\/p>\n\n\n\n<p>La lumi\u00e8re s\u2019est lev\u00e9e.<\/p>\n\n\n\n<p>Elle ne nous \u00e9crase pas.<\/p>\n\n\n\n<p>Elle ne nous juge pas.<\/p>\n\n\n\n<p>Elle nous appelle.<\/p>\n\n\n\n<p>Alors, fr\u00e8res et s\u0153urs, marchons dans cette lumi\u00e8re.<\/p>\n\n\n\n<p>Laissons-la \u00e9clairer nos pas, r\u00e9chauffer nos c\u0153urs, unir nos vies.<\/p>\n\n\n\n<p>Et devenons, humblement, des reflets de cette lumi\u00e8re, pour ceux qui marchent encore dans la nuit.<\/p>\n\n\n\n<p>Amen.<\/p>\n","protected":false},"excerpt":{"rendered":"<p>\u00c9sa\u00efe 8.23-9.3 \/ 1 Corinthiens 1.10-13 \/ Matthieu 4.12-23 Introduction \u2013 Nommer les t\u00e9n\u00e8bres Fr\u00e8res et s\u0153urs, Avant de parler de lumi\u00e8re, il faut oser parler des t\u00e9n\u00e8bres. Car la lumi\u00e8re n\u2019a de sens que l\u00e0 o\u00f9 quelque chose manque, l\u00e0 o\u00f9 quelque chose est obscur, bless\u00e9, incertain. Les textes bibliques de ce dimanche ne commencent pas par une victoire \u00e9clatante, ni par une louange triomphale. Ils commencent par un constat dur, lucide, presque brutal : le peuple marche dans&#8230;<\/p>\n<p class=\"read-more\"><a class=\"btn btn-default\" href=\"https:\/\/epu-courseulles.fr\/index.php\/2026\/01\/25\/predication-une-lumiere-sest-levee\/\">Lire la suite<span class=\"screen-reader-text\"> Lire la suite<\/span><\/a><\/p>\n","protected":false},"author":1,"featured_media":344,"comment_status":"open","ping_status":"open","sticky":false,"template":"","format":"standard","meta":{"_jetpack_memberships_contains_paid_content":false,"footnotes":""},"categories":[3],"tags":[14,40],"class_list":["post-343","post","type-post","status-publish","format-standard","has-post-thumbnail","hentry","category-cultes","tag-foi","tag-mathieu"],"yoast_head":"<!-- This site is optimized with the Yoast SEO plugin v22.6 - https:\/\/yoast.com\/wordpress\/plugins\/seo\/ -->\n<title>Pr\u00e9dication \u2013 \u00ab Une lumi\u00e8re s\u2019est lev\u00e9e \u00bb - Eglise Protestante Unie de Courseulles<\/title>\n<meta name=\"robots\" content=\"index, follow, max-snippet:-1, max-image-preview:large, max-video-preview:-1\" \/>\n<link rel=\"canonical\" href=\"https:\/\/epu-courseulles.fr\/index.php\/2026\/01\/25\/predication-une-lumiere-sest-levee\/\" \/>\n<meta property=\"og:locale\" content=\"fr_FR\" \/>\n<meta property=\"og:type\" content=\"article\" \/>\n<meta property=\"og:title\" content=\"Pr\u00e9dication \u2013 \u00ab Une lumi\u00e8re s\u2019est lev\u00e9e \u00bb - Eglise Protestante Unie de Courseulles\" \/>\n<meta property=\"og:description\" content=\"\u00c9sa\u00efe 8.23-9.3 \/ 1 Corinthiens 1.10-13 \/ Matthieu 4.12-23 Introduction \u2013 Nommer les t\u00e9n\u00e8bres Fr\u00e8res et s\u0153urs, Avant de parler de lumi\u00e8re, il faut oser parler des t\u00e9n\u00e8bres. Car la lumi\u00e8re n\u2019a de sens que l\u00e0 o\u00f9 quelque chose manque, l\u00e0 o\u00f9 quelque chose est obscur, bless\u00e9, incertain. Les textes bibliques de ce dimanche ne commencent pas par une victoire \u00e9clatante, ni par une louange triomphale. Ils commencent par un constat dur, lucide, presque brutal : le peuple marche dans...Lire la suite Lire la suite\" \/>\n<meta property=\"og:url\" content=\"https:\/\/epu-courseulles.fr\/index.php\/2026\/01\/25\/predication-une-lumiere-sest-levee\/\" \/>\n<meta property=\"og:site_name\" content=\"Eglise Protestante Unie de Courseulles\" \/>\n<meta property=\"article:published_time\" content=\"2026-01-25T17:07:45+00:00\" \/>\n<meta property=\"article:modified_time\" content=\"2026-01-25T17:07:46+00:00\" \/>\n<meta property=\"og:image\" content=\"https:\/\/epu-courseulles.fr\/wp-content\/uploads\/2026\/01\/Christ-Lumiere-683x1024.png\" \/>\n\t<meta property=\"og:image:width\" content=\"683\" \/>\n\t<meta property=\"og:image:height\" content=\"1024\" \/>\n\t<meta property=\"og:image:type\" content=\"image\/png\" \/>\n<meta name=\"author\" content=\"Pierre\" \/>\n<meta name=\"twitter:card\" content=\"summary_large_image\" \/>\n<meta name=\"twitter:label1\" content=\"\u00c9crit par\" \/>\n\t<meta name=\"twitter:data1\" content=\"Pierre\" \/>\n\t<meta name=\"twitter:label2\" content=\"Dur\u00e9e de lecture estim\u00e9e\" \/>\n\t<meta name=\"twitter:data2\" content=\"7 minutes\" \/>\n<script type=\"application\/ld+json\" class=\"yoast-schema-graph\">{\"@context\":\"https:\/\/schema.org\",\"@graph\":[{\"@type\":\"WebPage\",\"@id\":\"https:\/\/epu-courseulles.fr\/index.php\/2026\/01\/25\/predication-une-lumiere-sest-levee\/\",\"url\":\"https:\/\/epu-courseulles.fr\/index.php\/2026\/01\/25\/predication-une-lumiere-sest-levee\/\",\"name\":\"Pr\u00e9dication \u2013 \u00ab Une lumi\u00e8re s\u2019est lev\u00e9e \u00bb - Eglise Protestante Unie de Courseulles\",\"isPartOf\":{\"@id\":\"https:\/\/epu-courseulles.fr\/#website\"},\"primaryImageOfPage\":{\"@id\":\"https:\/\/epu-courseulles.fr\/index.php\/2026\/01\/25\/predication-une-lumiere-sest-levee\/#primaryimage\"},\"image\":{\"@id\":\"https:\/\/epu-courseulles.fr\/index.php\/2026\/01\/25\/predication-une-lumiere-sest-levee\/#primaryimage\"},\"thumbnailUrl\":\"https:\/\/i0.wp.com\/epu-courseulles.fr\/wp-content\/uploads\/2026\/01\/Christ-Lumiere.png?fit=1024%2C1536&ssl=1\",\"datePublished\":\"2026-01-25T17:07:45+00:00\",\"dateModified\":\"2026-01-25T17:07:46+00:00\",\"author\":{\"@id\":\"https:\/\/epu-courseulles.fr\/#\/schema\/person\/33a2eacf86f1eecf693a86f050054a99\"},\"breadcrumb\":{\"@id\":\"https:\/\/epu-courseulles.fr\/index.php\/2026\/01\/25\/predication-une-lumiere-sest-levee\/#breadcrumb\"},\"inLanguage\":\"fr-FR\",\"potentialAction\":[{\"@type\":\"ReadAction\",\"target\":[\"https:\/\/epu-courseulles.fr\/index.php\/2026\/01\/25\/predication-une-lumiere-sest-levee\/\"]}]},{\"@type\":\"ImageObject\",\"inLanguage\":\"fr-FR\",\"@id\":\"https:\/\/epu-courseulles.fr\/index.php\/2026\/01\/25\/predication-une-lumiere-sest-levee\/#primaryimage\",\"url\":\"https:\/\/i0.wp.com\/epu-courseulles.fr\/wp-content\/uploads\/2026\/01\/Christ-Lumiere.png?fit=1024%2C1536&ssl=1\",\"contentUrl\":\"https:\/\/i0.wp.com\/epu-courseulles.fr\/wp-content\/uploads\/2026\/01\/Christ-Lumiere.png?fit=1024%2C1536&ssl=1\",\"width\":1024,\"height\":1536},{\"@type\":\"BreadcrumbList\",\"@id\":\"https:\/\/epu-courseulles.fr\/index.php\/2026\/01\/25\/predication-une-lumiere-sest-levee\/#breadcrumb\",\"itemListElement\":[{\"@type\":\"ListItem\",\"position\":1,\"name\":\"Accueil\",\"item\":\"https:\/\/epu-courseulles.fr\/\"},{\"@type\":\"ListItem\",\"position\":2,\"name\":\"Pr\u00e9dication \u2013 \u00ab Une lumi\u00e8re s\u2019est lev\u00e9e \u00bb\"}]},{\"@type\":\"WebSite\",\"@id\":\"https:\/\/epu-courseulles.fr\/#website\",\"url\":\"https:\/\/epu-courseulles.fr\/\",\"name\":\"Eglise Protestante Unie de Courseulles\",\"description\":\"Site de la Paroisse de Courseulles - C\u00f4te de Nacre\",\"potentialAction\":[{\"@type\":\"SearchAction\",\"target\":{\"@type\":\"EntryPoint\",\"urlTemplate\":\"https:\/\/epu-courseulles.fr\/?s={search_term_string}\"},\"query-input\":\"required name=search_term_string\"}],\"inLanguage\":\"fr-FR\"},{\"@type\":\"Person\",\"@id\":\"https:\/\/epu-courseulles.fr\/#\/schema\/person\/33a2eacf86f1eecf693a86f050054a99\",\"name\":\"Pierre\",\"image\":{\"@type\":\"ImageObject\",\"inLanguage\":\"fr-FR\",\"@id\":\"https:\/\/epu-courseulles.fr\/#\/schema\/person\/image\/\",\"url\":\"https:\/\/secure.gravatar.com\/avatar\/6d9cacc205d56bba742dcce7413281a1ee151d563bf0b5fdebf2fdd02556e920?s=96&d=mm&r=g\",\"contentUrl\":\"https:\/\/secure.gravatar.com\/avatar\/6d9cacc205d56bba742dcce7413281a1ee151d563bf0b5fdebf2fdd02556e920?s=96&d=mm&r=g\",\"caption\":\"Pierre\"},\"sameAs\":[\"http:\/\/epu-courseulles.fr\"],\"url\":\"https:\/\/epu-courseulles.fr\/index.php\/author\/admin2727\/\"}]}<\/script>\n<!-- \/ Yoast SEO plugin. -->","yoast_head_json":{"title":"Pr\u00e9dication \u2013 \u00ab Une lumi\u00e8re s\u2019est lev\u00e9e \u00bb - Eglise Protestante Unie de Courseulles","robots":{"index":"index","follow":"follow","max-snippet":"max-snippet:-1","max-image-preview":"max-image-preview:large","max-video-preview":"max-video-preview:-1"},"canonical":"https:\/\/epu-courseulles.fr\/index.php\/2026\/01\/25\/predication-une-lumiere-sest-levee\/","og_locale":"fr_FR","og_type":"article","og_title":"Pr\u00e9dication \u2013 \u00ab Une lumi\u00e8re s\u2019est lev\u00e9e \u00bb - Eglise Protestante Unie de Courseulles","og_description":"\u00c9sa\u00efe 8.23-9.3 \/ 1 Corinthiens 1.10-13 \/ Matthieu 4.12-23 Introduction \u2013 Nommer les t\u00e9n\u00e8bres Fr\u00e8res et s\u0153urs, Avant de parler de lumi\u00e8re, il faut oser parler des t\u00e9n\u00e8bres. Car la lumi\u00e8re n\u2019a de sens que l\u00e0 o\u00f9 quelque chose manque, l\u00e0 o\u00f9 quelque chose est obscur, bless\u00e9, incertain. Les textes bibliques de ce dimanche ne commencent pas par une victoire \u00e9clatante, ni par une louange triomphale. Ils commencent par un constat dur, lucide, presque brutal : le peuple marche dans...Lire la suite Lire la suite","og_url":"https:\/\/epu-courseulles.fr\/index.php\/2026\/01\/25\/predication-une-lumiere-sest-levee\/","og_site_name":"Eglise Protestante Unie de Courseulles","article_published_time":"2026-01-25T17:07:45+00:00","article_modified_time":"2026-01-25T17:07:46+00:00","og_image":[{"width":683,"height":1024,"url":"https:\/\/epu-courseulles.fr\/wp-content\/uploads\/2026\/01\/Christ-Lumiere-683x1024.png","type":"image\/png"}],"author":"Pierre","twitter_card":"summary_large_image","twitter_misc":{"\u00c9crit par":"Pierre","Dur\u00e9e de lecture estim\u00e9e":"7 minutes"},"schema":{"@context":"https:\/\/schema.org","@graph":[{"@type":"WebPage","@id":"https:\/\/epu-courseulles.fr\/index.php\/2026\/01\/25\/predication-une-lumiere-sest-levee\/","url":"https:\/\/epu-courseulles.fr\/index.php\/2026\/01\/25\/predication-une-lumiere-sest-levee\/","name":"Pr\u00e9dication \u2013 \u00ab Une lumi\u00e8re s\u2019est lev\u00e9e \u00bb - Eglise Protestante Unie de Courseulles","isPartOf":{"@id":"https:\/\/epu-courseulles.fr\/#website"},"primaryImageOfPage":{"@id":"https:\/\/epu-courseulles.fr\/index.php\/2026\/01\/25\/predication-une-lumiere-sest-levee\/#primaryimage"},"image":{"@id":"https:\/\/epu-courseulles.fr\/index.php\/2026\/01\/25\/predication-une-lumiere-sest-levee\/#primaryimage"},"thumbnailUrl":"https:\/\/i0.wp.com\/epu-courseulles.fr\/wp-content\/uploads\/2026\/01\/Christ-Lumiere.png?fit=1024%2C1536&ssl=1","datePublished":"2026-01-25T17:07:45+00:00","dateModified":"2026-01-25T17:07:46+00:00","author":{"@id":"https:\/\/epu-courseulles.fr\/#\/schema\/person\/33a2eacf86f1eecf693a86f050054a99"},"breadcrumb":{"@id":"https:\/\/epu-courseulles.fr\/index.php\/2026\/01\/25\/predication-une-lumiere-sest-levee\/#breadcrumb"},"inLanguage":"fr-FR","potentialAction":[{"@type":"ReadAction","target":["https:\/\/epu-courseulles.fr\/index.php\/2026\/01\/25\/predication-une-lumiere-sest-levee\/"]}]},{"@type":"ImageObject","inLanguage":"fr-FR","@id":"https:\/\/epu-courseulles.fr\/index.php\/2026\/01\/25\/predication-une-lumiere-sest-levee\/#primaryimage","url":"https:\/\/i0.wp.com\/epu-courseulles.fr\/wp-content\/uploads\/2026\/01\/Christ-Lumiere.png?fit=1024%2C1536&ssl=1","contentUrl":"https:\/\/i0.wp.com\/epu-courseulles.fr\/wp-content\/uploads\/2026\/01\/Christ-Lumiere.png?fit=1024%2C1536&ssl=1","width":1024,"height":1536},{"@type":"BreadcrumbList","@id":"https:\/\/epu-courseulles.fr\/index.php\/2026\/01\/25\/predication-une-lumiere-sest-levee\/#breadcrumb","itemListElement":[{"@type":"ListItem","position":1,"name":"Accueil","item":"https:\/\/epu-courseulles.fr\/"},{"@type":"ListItem","position":2,"name":"Pr\u00e9dication \u2013 \u00ab Une lumi\u00e8re s\u2019est lev\u00e9e \u00bb"}]},{"@type":"WebSite","@id":"https:\/\/epu-courseulles.fr\/#website","url":"https:\/\/epu-courseulles.fr\/","name":"Eglise Protestante Unie de Courseulles","description":"Site de la Paroisse de Courseulles - C\u00f4te de Nacre","potentialAction":[{"@type":"SearchAction","target":{"@type":"EntryPoint","urlTemplate":"https:\/\/epu-courseulles.fr\/?s={search_term_string}"},"query-input":"required name=search_term_string"}],"inLanguage":"fr-FR"},{"@type":"Person","@id":"https:\/\/epu-courseulles.fr\/#\/schema\/person\/33a2eacf86f1eecf693a86f050054a99","name":"Pierre","image":{"@type":"ImageObject","inLanguage":"fr-FR","@id":"https:\/\/epu-courseulles.fr\/#\/schema\/person\/image\/","url":"https:\/\/secure.gravatar.com\/avatar\/6d9cacc205d56bba742dcce7413281a1ee151d563bf0b5fdebf2fdd02556e920?s=96&d=mm&r=g","contentUrl":"https:\/\/secure.gravatar.com\/avatar\/6d9cacc205d56bba742dcce7413281a1ee151d563bf0b5fdebf2fdd02556e920?s=96&d=mm&r=g","caption":"Pierre"},"sameAs":["http:\/\/epu-courseulles.fr"],"url":"https:\/\/epu-courseulles.fr\/index.php\/author\/admin2727\/"}]}},"jetpack_sharing_enabled":true,"jetpack_featured_media_url":"https:\/\/i0.wp.com\/epu-courseulles.fr\/wp-content\/uploads\/2026\/01\/Christ-Lumiere.png?fit=1024%2C1536&ssl=1","jetpack-related-posts":[],"_links":{"self":[{"href":"https:\/\/epu-courseulles.fr\/index.php\/wp-json\/wp\/v2\/posts\/343","targetHints":{"allow":["GET"]}}],"collection":[{"href":"https:\/\/epu-courseulles.fr\/index.php\/wp-json\/wp\/v2\/posts"}],"about":[{"href":"https:\/\/epu-courseulles.fr\/index.php\/wp-json\/wp\/v2\/types\/post"}],"author":[{"embeddable":true,"href":"https:\/\/epu-courseulles.fr\/index.php\/wp-json\/wp\/v2\/users\/1"}],"replies":[{"embeddable":true,"href":"https:\/\/epu-courseulles.fr\/index.php\/wp-json\/wp\/v2\/comments?post=343"}],"version-history":[{"count":1,"href":"https:\/\/epu-courseulles.fr\/index.php\/wp-json\/wp\/v2\/posts\/343\/revisions"}],"predecessor-version":[{"id":345,"href":"https:\/\/epu-courseulles.fr\/index.php\/wp-json\/wp\/v2\/posts\/343\/revisions\/345"}],"wp:featuredmedia":[{"embeddable":true,"href":"https:\/\/epu-courseulles.fr\/index.php\/wp-json\/wp\/v2\/media\/344"}],"wp:attachment":[{"href":"https:\/\/epu-courseulles.fr\/index.php\/wp-json\/wp\/v2\/media?parent=343"}],"wp:term":[{"taxonomy":"category","embeddable":true,"href":"https:\/\/epu-courseulles.fr\/index.php\/wp-json\/wp\/v2\/categories?post=343"},{"taxonomy":"post_tag","embeddable":true,"href":"https:\/\/epu-courseulles.fr\/index.php\/wp-json\/wp\/v2\/tags?post=343"}],"curies":[{"name":"wp","href":"https:\/\/api.w.org\/{rel}","templated":true}]}}