{"id":86,"date":"2021-08-01T12:00:00","date_gmt":"2021-08-01T10:00:00","guid":{"rendered":"https:\/\/epu-courseulles.fr\/?p=86"},"modified":"2021-09-09T20:48:31","modified_gmt":"2021-09-09T18:48:31","slug":"raison-et-foi-la-double-connaissance-de-dieu","status":"publish","type":"post","link":"https:\/\/epu-courseulles.fr\/index.php\/2021\/08\/01\/raison-et-foi-la-double-connaissance-de-dieu\/","title":{"rendered":"RAISON ET FOI : LA DOUBLE CONNAISSANCE DE DIEU"},"content":{"rendered":"\n<p><strong>LIVRE DE L\u2019EXODE&nbsp;<\/strong><strong>chapitre 16 versets 12-15<\/strong><\/p>\n\n\n\n<p>&nbsp;Le Seigneur dit \u00e0 Mo\u00efse :&nbsp;\u00ab Voici que, du ciel, je vais faire pleuvoir du pain pour vous.&nbsp;Le peuple sortira&nbsp;pour recueillir chaque jour sa ration quotidienne,&nbsp;et ainsi je vais le mettre \u00e0 l\u2019\u00e9preuve :&nbsp;je verrai s\u2019il marchera, ou non, selon ma loi. J\u2019ai entendu les r\u00e9criminations des fils d\u2019Isra\u00ebl.&nbsp;Tu leur diras :&nbsp;\u2018Au coucher du soleil, vous mangerez de la viande&nbsp;et, le lendemain matin, vous aurez du pain \u00e0 sati\u00e9t\u00e9.&nbsp;Alors vous saurez&nbsp;que moi, le Seigneur, je suis votre Dieu. \u00bb&nbsp;<\/p>\n\n\n\n<p>Le soir m\u00eame, surgit un vol de cailles qui recouvrirent le camp ;&nbsp;et, le lendemain matin,&nbsp;<br>il y avait une couche de ros\u00e9e autour du camp.&nbsp;Lorsque la couche de ros\u00e9e s\u2019\u00e9vapora,&nbsp;il y avait, \u00e0 la surface du d\u00e9sert, une fine cro\u00fbte,&nbsp;quelque chose de fin comme du givre, sur le sol. Quand ils virent cela,&nbsp;les fils d\u2019Isra\u00ebl se dirent l\u2019un \u00e0 l\u2019autre :&nbsp;\u00ab Mann hou ? \u00bb (Ce qui veut dire : quoi cela ?),&nbsp;car ils ne savaient pas ce que c\u2019\u00e9tait. Mo\u00efse leur dit :&nbsp;\u00ab C\u2019est le pain que le Seigneur vous donne \u00e0 manger. \u00bb<\/p>\n\n\n\n<p><strong>\u00c9VANGILE DE JEAN<\/strong><strong>&nbsp;chapitre 6, versets 25-33<\/strong><\/p>\n\n\n\n<p>[<em>Apr\u00e8s le miracle des pains, la foule se dirige vers Capharna\u00fcm&nbsp;\u00e0 la recherche de J\u00e9sus<\/em>].&nbsp;<\/p>\n\n\n\n<p>L\u2019ayant trouv\u00e9 sur l\u2019autre rive, ils lui dirent :&nbsp;\u00ab&nbsp;<em>Rabbi, depuis quand es-tu ici ?<\/em>&nbsp;\u00bb&nbsp;<\/p>\n\n\n\n<p>J\u00e9sus leur r\u00e9pondit :&nbsp;\u00ab Amen, amen, je vous le dis :&nbsp;vous me cherchez,&nbsp;non parce que vous avez vu des signes, mais parce que vous avez mang\u00e9 de ces pains&nbsp;et que vous avez \u00e9t\u00e9 rassasi\u00e9s.&nbsp;Pr\u00e9parez-vous, non pas une nourriture p\u00e9rissable,&nbsp;mais une nourriture qui demeure&nbsp;jusque dans la vie \u00e9ternelle,&nbsp;celle que vous donnera le Fils de l\u2019homme,&nbsp;lui que Dieu, le P\u00e8re, a marqu\u00e9 de son sceau. \u00bb&nbsp;<\/p>\n\n\n\n<p>Ils lui dirent alors :&nbsp;\u00ab&nbsp;<em>Que devons-nous faire pour pr\u00e9parer les \u0153uvres de Dieu<\/em>&nbsp;? \u00bb&nbsp;<\/p>\n\n\n\n<p>J\u00e9sus leur r\u00e9pondit :&nbsp;\u00ab L\u2019\u0153uvre de Dieu,&nbsp;c\u2019est que vous veniez \u00e0 croire en celui qu\u2019il a envoy\u00e9. \u00bb<\/p>\n\n\n\n<p>&nbsp;Ils lui dirent alors :&nbsp;\u00ab&nbsp;<em>Quel signe accomplis tu, ou&nbsp;vas-tu accomplir, pour qu\u2019en le voyant nous venions \u00e0 croire en toi ?<\/em>&nbsp;Au d\u00e9sert, nos p\u00e8res ont mang\u00e9 la manne ;&nbsp;comme dit l\u2019\u00c9criture :&nbsp;Il leur a donn\u00e9 \u00e0 manger le pain du ciel<em>.&nbsp;<\/em>\u00bb&nbsp;<\/p>\n\n\n\n<p>J\u00e9sus leur r\u00e9pondit :&nbsp;\u00ab Amen, amen, je vous le dis :&nbsp;ce n\u2019est pas Mo\u00efse&nbsp;qui vous a donn\u00e9 le pain venu du ciel ;&nbsp;c\u2019est mon P\u00e8re&nbsp;qui vous donne le pain du ciel, le pain de&nbsp;<strong>v\u00e9rit\u00e9.<\/strong>&nbsp;Car le pain de Dieu,&nbsp;c\u2019est celui qui descend du ciel&nbsp;et qui donne la vie \u00e0 ce monde. \u00bb<\/p>\n\n\n\n<p><strong>LETTRE AUX EPHESIENS<\/strong><strong>&nbsp;chapitre 4 versets,&nbsp;20-24<\/strong><\/p>\n\n\n\n<p>Ce n\u2019est pas ainsi,&nbsp;[<em>comme des pa\u00efens<\/em>], que l\u2019on vous a appris \u00e0 conna\u00eetre le Christ,&nbsp;si du moins l\u2019annonce et l\u2019enseignement que vous avez re\u00e7us \u00e0 son sujet&nbsp;s\u2019accordent \u00e0 la v\u00e9rit\u00e9 qui est en J\u00e9sus.&nbsp;Il s\u2019agit de vous d\u00e9faire de votre conduite d\u2019autrefois,&nbsp;c\u2019est-\u00e0-dire de l\u2019homme ancien corrompu par les convoitises&nbsp;qui l\u2019entra\u00eenent dans l\u2019erreur.&nbsp;Laissez-vous renouveler&nbsp;par la transformation spirituelle de votre pens\u00e9e.&nbsp;Rev\u00eatez-vous de l\u2019homme nouveau,&nbsp;cr\u00e9\u00e9, selon Dieu, dans la justice et la saintet\u00e9 conformes \u00e0 la v\u00e9rit\u00e9.<\/p>\n\n\n\n<div class=\"wp-block-image\"><figure class=\"aligncenter size-full\"><img fetchpriority=\"high\" decoding=\"async\" width=\"304\" height=\"377\" src=\"https:\/\/i0.wp.com\/epu-courseulles.fr\/wp-content\/uploads\/2021\/09\/Image-aout-2021.jpg?resize=304%2C377&#038;ssl=1\" alt=\"\" class=\"wp-image-103\" srcset=\"https:\/\/i0.wp.com\/epu-courseulles.fr\/wp-content\/uploads\/2021\/09\/Image-aout-2021.jpg?w=304&amp;ssl=1 304w, https:\/\/i0.wp.com\/epu-courseulles.fr\/wp-content\/uploads\/2021\/09\/Image-aout-2021.jpg?resize=242%2C300&amp;ssl=1 242w, https:\/\/i0.wp.com\/epu-courseulles.fr\/wp-content\/uploads\/2021\/09\/Image-aout-2021.jpg?resize=218%2C270&amp;ssl=1 218w\" sizes=\"(max-width: 304px) 100vw, 304px\" data-recalc-dims=\"1\" \/><\/figure><\/div>\n\n\n\n<p class=\"has-text-align-center\">Calvin &amp; Hobbes \u2013&nbsp;<em>Billy Waterson<\/em><\/p>\n\n\n\n<h1 class=\"wp-block-heading\">RAISON ET FOI&nbsp;: LA DOUBLE CONNAISSANCE DE DIEU<\/h1>\n\n\n\n<p>Le texte de Jean du jour, comme beaucoup de textes de cet \u00e9vangile, apr\u00e8s une premi\u00e8re lecture qui peut para\u00eetre limpide, se r\u00e9v\u00e8le \u00e0 l\u2019\u00e9tude d\u2019une profondeur th\u00e9ologique redoutable. Au gr\u00e9 des questions et des r\u00e9ponses du dialogue qui le structurent, ce texte peut, entre autres, s\u2019int\u00e9grer au d\u00e9bat<a href=\"applewebdata:\/\/8A65AD35-B55A-405E-B491-70984F98F952#_ftn1\"><sup>[1]<\/sup><\/a>&nbsp;tr\u00e8s disput\u00e9 entre loi de la nature et loi de Dieu, entre force de la raison (qui permet de saisir la loi de la nature) et force de la foi (qui permet de marcher selon la loi de Dieu). Invit\u00e9s pr\u00e9cis\u00e9ment en ce jour par Mo\u00efse \u00e0 \u00ab&nbsp;marcher selon la loi de Dieu&nbsp;\u00bb, entrons de plein pied dans ce d\u00e9bat, sans oublier de nous armer de toute notre raison pour essayer de saisir ce texte difficile.<\/p>\n\n\n\n<p>La raison, pour s\u2019exercer a besoin de concepts et de r\u00e9f\u00e9rences, et il faut reconnaitre, en pr\u00e9ambule, que nous ne raisonnons pas avec les m\u00eames r\u00e9f\u00e9rences historiques et litt\u00e9raires que le r\u00e9dacteur de cet Evangile, qui est impr\u00e9gn\u00e9 de philosophie grecque. Plus pr\u00e9cis\u00e9ment, le d\u00e9bat de notre texte, entre les visiteurs de bord de lac venus voir J\u00e9sus, et J\u00e9sus lui-m\u00eame, ne s\u2019\u00e9claire valablement, qu\u2019avec une connaissance pr\u00e9alable de la th\u00e9orie platonicienne des Id\u00e9es, ou des Essences \u2013 th\u00e9orie que je vais essayer d\u2019exposer de fa\u00e7on succincte.<\/p>\n\n\n\n<p>Tout d\u2019abord, selon Platon, il existe un monde tangible compos\u00e9 de r\u00e9alit\u00e9s tangibles, dans lequel nous passons notre existence mortelle. Nous comprenons ce monde qui nous entoure, et y interagissons par l\u2019interm\u00e9diaire de nos sens, mais aussi par celui d\u2019autres facult\u00e9s naturelles comme la facult\u00e9 de raisonner, l\u2019attrait envers ce qui est beau, et un sens moral int\u00e9rieur qui nous fait rechercher ce qui est juste. Ce monde est donn\u00e9 \u00e0 tous, mais tous en ont des perceptions diff\u00e9rentes m\u00eame s\u2019ils peuvent s\u2019accorder sur une description.<\/p>\n\n\n\n<p>Il existe aussi, et un grec dirait \u00ab&nbsp;surtout&nbsp;\u00bb, un monde \u00ab&nbsp;vrai&nbsp;\u00bb, un monde \u00ab&nbsp;r\u00e9ellement r\u00e9el&nbsp;\u00bb, \u00e9ternel, qui est un monde des Id\u00e9es, dont le monde tangible n\u2019est qu\u2019un p\u00e2le reflet. Ce monde contient l\u2019essence ultime du Vrai, du Beau, du Bien et m\u00eame de toute chose<a href=\"applewebdata:\/\/8A65AD35-B55A-405E-B491-70984F98F952#_ftn2\"><sup>[2]<\/sup><\/a>. Ce monde n\u2019est pas accessible \u00e0 tous, mais tous ceux qui le contemplent, contemplent la m\u00eame chose, m\u00eame si leurs descriptions varient.&nbsp;<\/p>\n\n\n\n<p>Pour rendre cette distinction plus claire suivons l\u2019exemple que notre petit Calvin donne \u00e0 Hobbes son tigre en peluche (exemple qu\u2019il reprend d\u2019ailleurs du Parm\u00e9nide de Platon). Nous nous accordons tous \u00e0 dire que 1 +1 = 2, et sommes d\u2019accord sur ce que d\u00e9crit cette \u00e9galit\u00e9. Sommes-nous s\u00fbr toutefois de pouvoir d\u00e9crire de la m\u00eame fa\u00e7on cette notion d\u2019\u00e9galit\u00e9 que nous semblons tous poss\u00e9der en nous&nbsp;? et que dire de la notion m\u00eame de 2&nbsp;? A quoi est \u00e9gal par exemple une fraise plus une pomme&nbsp;? A quoi est \u00e9gal un homme plus une chaise&nbsp;? Si je visualise \u00e0 c\u00f4t\u00e9 un homme et une chaise, la notion d\u2019\u00e9galit\u00e9 \u00e0 2 s\u2019impose-t-elle \u00e0 moi ?<\/p>\n\n\n\n<p>Moi, lorsque je contemple en esprit un homme et une chaise, je crois que c\u2019est bien \u00e9gal \u00e0 un \u00ab&nbsp;2&nbsp;\u00bb, \u00e0 une \u00ab&nbsp;dualit\u00e9&nbsp;\u00bb. Je le crois, avec ma foi int\u00e9rieure, mais quelqu\u2019un d\u2019autre que moi ne le croira pas&nbsp;: nous ne sommes pas oblig\u00e9s de partager la m\u00eame foi \u2013 un enfant de moins de 5 ans, comme le petit Calvin, n\u2019aura pas la m\u00eame conception du \u00ab&nbsp;2&nbsp;\u00bb que moi. Le sens vrai du \u00ab&nbsp;2&nbsp;\u00bb au m\u00eame titre que celui du Vrai, du Beau du Juste appartient au monde des Essences.<\/p>\n\n\n\n<p>Muni de cette grille de lecture platonicienne, le d\u00e9bat dans notre texte de Jean devient beaucoup plus limpide (faites-moi confiance \u2026).<\/p>\n\n\n\n<p>Il y donc d\u2019abord un monde tangible, une cr\u00e9ation ordonn\u00e9e (par la \u00ab&nbsp;puissance ordonn\u00e9e&nbsp;\u00bb de Dieu,&nbsp;<em>potestas ordinata<\/em>) auquel participent, comme nous tous, les visiteurs de J\u00e9sus \u00e0 Capharna\u00fcm. Ainsi qu\u2019il est dans l\u2019Ordre naturel des choses, ceux-ci expriment trois attentes naturelles, issues de leur conscience du monde et d\u2019eux m\u00eames :<\/p>\n\n\n\n<p>Il n\u2019y a ici rien de r\u00e9pr\u00e9hensible, d\u2019indigne ou de l\u00e2che, et notons m\u00eame la bonne volont\u00e9 de ces hommes qui insistent, et sugg\u00e8rent m\u00eame \u00e0 J\u00e9sus le miracle qu\u2019il faudrait pour les convaincre tout \u00e0 fait&nbsp;: faire tomber, \u00e0 nouveau, de la manne du ciel.<\/p>\n\n\n\n<p>Il faut le dire clairement&nbsp;: J\u00e9sus ne reproche pas ici \u00e0 ces hommes de chercher \u00e0 fonder une morale pratique sur des commandements ou des lois, ni \u00e0 essayer d\u2019appr\u00e9hender le myst\u00e8re de Dieu avec une forme de raison et de logique. La raison et le sens moral, font partie des dons de Dieu que Jean Calvin attache \u00e0 une \u00ab&nbsp;gr\u00e2ce commune&nbsp;\u00bb, attach\u00e9e \u00e0 la conscience de tous les hommes, qu\u2019ils soient croyants ou non. En d\u2019autres termes, avoir le souci d\u2019aussi bien traiter&nbsp;&nbsp;mon prochain que moi-m\u00eame, ou sentir que la Cr\u00e9ation porte avec elle une beaut\u00e9 et une majest\u00e9, qui m\u2019\u00e9merveille et me questionne<a href=\"applewebdata:\/\/8A65AD35-B55A-405E-B491-70984F98F952#_ftn3\"><sup>[3]<\/sup><\/a>, contrairement \u00e0 ce qu\u2019on pourrait penser, ne fait pas de moi un croyant, mais simplement un humain de cette Cr\u00e9ation voulu par Dieu.<\/p>\n\n\n\n<p>Ce qui fait de moi un croyant c\u2019est de reconnaitre qu\u2019il m\u2019est impossible de&nbsp;comprendre&nbsp;en plein conscience cette r\u00e9alit\u00e9 ultime \u00ab&nbsp;Christ est l\u2019envoy\u00e9 de Dieu dans ce monde&nbsp;\u00bb mais qu\u2019en m\u00eame temps, il m\u2019est impossible de ne pas y&nbsp;croire.<\/p>\n\n\n\n<p>Un croyant est donc un humain, raisonnable, qui croit quelque chose, et accepte de ne pas comprendre pourquoi il y croit.&nbsp;&nbsp;Le croyant n\u2019a aucun moyen de comprendre puisque cette foi n\u2019est pas soumise \u00e0 la&nbsp;<em>puissance ordonn\u00e9e<\/em>, logique, de la cr\u00e9ation, mais \u00e0 l\u2019expression de la volont\u00e9 et la puissance insaisissable, absolue de Dieu (<em>potestas absoluta<\/em>).&nbsp;&nbsp;Le croyant ne peut que prendre conscience en lui de cette \u00ab&nbsp;gr\u00e2ce singuli\u00e8re&nbsp;\u00bb (et non plus \u00ab&nbsp;commune&nbsp;\u00bb \u00e0 toute l\u2019humanit\u00e9) qui est la sienne, qui le d\u00e9passe, et que personne sur terre \u2013 m\u00eame le grand Mo\u00efse comme le pr\u00e9cise J\u00e9sus dans le texte du jour \u2013 n\u2019aurait pu lui donner.&nbsp;L\u2019\u0153uvre&nbsp;de Dieu alors, et non plus&nbsp;les \u0153uvres&nbsp;de Dieu comme le distingue bien notre texte, c\u2019est de nous rendre capables de recevoir cette gr\u00e2ce, de croire sans la comprendre. Voil\u00e0 le signe de l\u2019\u0153uvre de Dieu qui nous suffit, le vrai miracle qui est accompli dans le c\u0153ur du croyant. C\u2019est ce miracle l\u00e0 qui fait du croyant un humain \u00e0 part, \u00e0 la fois invit\u00e9 temporaire de ce monde tangible, et invit\u00e9 occasionnel (quand il se sent proche de Dieu) de ce monde des Id\u00e9es, du monde du P\u00e8re o\u00f9 seul prend sens et forme la notion \u00ab&nbsp;d\u2019envoy\u00e9 de Dieu \u00bb. Je dis invit\u00e9 occasionnel car le seul invit\u00e9 permanent des deux mondes, celui des hommes et celui du P\u00e8re, c\u2019est bien s\u00fbr le Christ ressuscit\u00e9&nbsp;(et non pas divinis\u00e9 ou r\u00e9incarn\u00e9). .<\/p>\n\n\n\n<p>C\u2019est pr\u00e9cis\u00e9ment par la figure d\u2019un Christ ressuscit\u00e9, par cette figure qui unit les deux mondes, humain et divin, tangible et id\u00e9al, que nous comprenons qu\u2019un pont entre ces deux mondes nous est d\u00e9sormais accessible&nbsp;: pardonn\u00e9 des faiblesses et des fragilit\u00e9s attach\u00e9es \u00e0 ce monde tangible et \u00e0 notre mortalit\u00e9, nous pouvons le c\u0153ur l\u00e9ger nous \u00e9lancer \u00e0 la suite du Christ sur ce pont qui m\u00e8ne vers le P\u00e8re \u00e9ternel, sur ce pont que J\u00e9sus a autrefois incarn\u00e9 \u2013 c&rsquo;est-\u00e0-dire tent\u00e9 d\u2019 expliciter \u00e0 notre conscience&nbsp;&nbsp;\u2013&nbsp;&nbsp;par sa vie, sa mort, sa r\u00e9surrection.<\/p>\n\n\n\n<p>Au final, il n\u2019est donc pas si simple de croire au Christ, citoyen des deux mondes, comme s\u2019en rendent compte nos visiteurs de Capharna\u00fcm, et c\u2019est bien je crois un argument d\u2019incr\u00e9dule de voir dans la foi la paresse d\u2019un esprit qui ne veut pas raisonner. Au contraire&nbsp;! Les visiteurs de J\u00e9sus \u00e0 Capharna\u00fcm raisonnent assid\u00fbment pour s\u2019approprier le message central de notre texte&nbsp;: \u00ab&nbsp;Christ est l\u2019envoy\u00e9 de Dieu dans ce monde&nbsp;\u00bb. Ils cherchent \u00e0 faire rentrer cette foi dans le cadre moral et logique d\u2019une nature qu\u2019ils connaissent. Conscients soudain de la vanit\u00e9 de leurs efforts, ils demandent alors un signe pour se conforter mais, ce qu\u2019essaye laborieusement de leur expliquer, J\u00e9sus, c\u2019est que ces signes, s\u2019ils croyaient, ils sauraient qu\u2019ils les ont d\u00e9j\u00e0 vus et que l\u2019enseignement de J\u00e9sus ne devrait \u00eatre qu\u2019une aide \u00e0 formaliser et confesser leur foi.<\/p>\n\n\n\n<p>En conclusion sommes-nous si diff\u00e9rents de ces visiteurs du bord du lac&nbsp;? Avons-nous pris conscience de ces signes qui ont d\u00e9j\u00e0 construit notre chemin de foi? Comment, apr\u00e8s avoir \u00e9cout\u00e9 l\u2019Evangile, formulerions-nous, avec les limites de nos mots et de notre raison (notre \u00ab&nbsp;double connaissance de Dieu&nbsp;\u00bb,&nbsp;<em>duplex cognitio Dei<\/em>, selon l\u2019expression que nous devons \u00e0 Jean Calvin), notre conviction que \u00ab&nbsp;Christ est l\u2019envoy\u00e9 de Dieu dans ce monde&nbsp;\u00bb ? Exercice de formulation difficile s\u2019il en est, pour nous autant que pour les visiteurs de Capharna\u00fcm, mais exercice in\u00e9vitable si nous voulons rendre tangible dans ce monde notre foi intangible. C\u2019est seulement \u00e0 cette condition que nous pouvons nous repr\u00e9senter, \u00e0 nous-m\u00eame d\u2019abord et ensuite aux autres, comme croyants, c\u2019est-\u00e0-dire comme invit\u00e9s \u00e0 la fois de ce monde et du royaume du P\u00e8re.<\/p>\n\n\n\n<p>Amen<\/p>\n\n\n\n<hr class=\"wp-block-separator\"\/>\n\n\n\n<p><a href=\"applewebdata:\/\/8A65AD35-B55A-405E-B491-70984F98F952#_ftnref1\"><sup>[1]<\/sup><\/a>&nbsp;Marqu\u00e9 au XX\u00e8me si\u00e8cle par les figures d\u2019Emil Brunner et Karl Barth,<\/p>\n\n\n\n<p><a href=\"applewebdata:\/\/8A65AD35-B55A-405E-B491-70984F98F952#_ftnref2\"><sup>[2]<\/sup><\/a>&nbsp;Je ne fais pas dans la nuance&nbsp;! Platon reconnait bien que pour conna\u00eetre le chemin de Larissa, j\u2019ai juste besoin qu\u2019on me montre sur une carte le chemin de Larissa \u2026 (M\u00e9non 96-100). Il n\u2019y a pas d\u2019Essence associ\u00e9e au \u00ab&nbsp;chemin de Larissa&nbsp;\u00bb.&nbsp;<\/p>\n\n\n\n<p><a href=\"applewebdata:\/\/8A65AD35-B55A-405E-B491-70984F98F952#_ftnref3\"><sup>[3]<\/sup><\/a>Beaut\u00e9 qui touche non seulement la nature mais aussi les biens de main de l\u2019homme \u00ab&nbsp;N\u2019a-t-il pas donn\u00e9 quelque gr\u00e2ce \u00e0 l\u2019or, \u00e0 l\u2019argent, \u00e0 l\u2019ivoire et au marbre, pour les rendre plus pr\u00e9cieux et nobles que les autres m\u00e9taux et pierres&nbsp;?&nbsp;\u00bb(IRC III, X, 2, \u00e9d. 1978, p.&nbsp;188)<\/p>\n","protected":false},"excerpt":{"rendered":"<p>LIVRE DE L\u2019EXODE&nbsp;chapitre 16 versets 12-15 &nbsp;Le Seigneur dit \u00e0 Mo\u00efse :&nbsp;\u00ab Voici que, du ciel, je vais faire pleuvoir du pain pour vous.&nbsp;Le peuple sortira&nbsp;pour recueillir chaque jour sa ration quotidienne,&nbsp;et ainsi je vais le mettre \u00e0 l\u2019\u00e9preuve :&nbsp;je verrai s\u2019il marchera, ou non, selon ma loi. J\u2019ai entendu les r\u00e9criminations des fils d\u2019Isra\u00ebl.&nbsp;Tu leur diras :&nbsp;\u2018Au coucher du soleil, vous mangerez de la viande&nbsp;et, le lendemain matin, vous aurez du pain \u00e0 sati\u00e9t\u00e9.&nbsp;Alors vous saurez&nbsp;que moi, le Seigneur,&#8230;<\/p>\n<p class=\"read-more\"><a class=\"btn btn-default\" href=\"https:\/\/epu-courseulles.fr\/index.php\/2021\/08\/01\/raison-et-foi-la-double-connaissance-de-dieu\/\">Lire la suite<span class=\"screen-reader-text\"> Lire la suite<\/span><\/a><\/p>\n","protected":false},"author":2,"featured_media":0,"comment_status":"open","ping_status":"open","sticky":false,"template":"","format":"standard","meta":{"_jetpack_memberships_contains_paid_content":false,"footnotes":""},"categories":[3],"tags":[14,13,17],"class_list":["post-86","post","type-post","status-publish","format-standard","hentry","category-cultes","tag-foi","tag-jean","tag-raison"],"yoast_head":"<!-- This site is optimized with the Yoast SEO plugin v22.6 - https:\/\/yoast.com\/wordpress\/plugins\/seo\/ -->\n<title>RAISON ET FOI : LA DOUBLE CONNAISSANCE DE DIEU - Eglise Protestante Unie de Courseulles<\/title>\n<meta name=\"robots\" content=\"index, follow, max-snippet:-1, max-image-preview:large, max-video-preview:-1\" \/>\n<link rel=\"canonical\" href=\"https:\/\/epu-courseulles.fr\/index.php\/2021\/08\/01\/raison-et-foi-la-double-connaissance-de-dieu\/\" \/>\n<meta property=\"og:locale\" content=\"fr_FR\" \/>\n<meta property=\"og:type\" content=\"article\" \/>\n<meta property=\"og:title\" content=\"RAISON ET FOI : LA DOUBLE CONNAISSANCE DE DIEU - Eglise Protestante Unie de Courseulles\" \/>\n<meta property=\"og:description\" content=\"LIVRE DE L\u2019EXODE&nbsp;chapitre 16 versets 12-15 &nbsp;Le Seigneur dit \u00e0 Mo\u00efse :&nbsp;\u00ab Voici que, du ciel, je vais faire pleuvoir du pain pour vous.&nbsp;Le peuple sortira&nbsp;pour recueillir chaque jour sa ration quotidienne,&nbsp;et ainsi je vais le mettre \u00e0 l\u2019\u00e9preuve :&nbsp;je verrai s\u2019il marchera, ou non, selon ma loi. J\u2019ai entendu les r\u00e9criminations des fils d\u2019Isra\u00ebl.&nbsp;Tu leur diras :&nbsp;\u2018Au coucher du soleil, vous mangerez de la viande&nbsp;et, le lendemain matin, vous aurez du pain \u00e0 sati\u00e9t\u00e9.&nbsp;Alors vous saurez&nbsp;que moi, le Seigneur,...Lire la suite Lire la suite\" \/>\n<meta property=\"og:url\" content=\"https:\/\/epu-courseulles.fr\/index.php\/2021\/08\/01\/raison-et-foi-la-double-connaissance-de-dieu\/\" \/>\n<meta property=\"og:site_name\" content=\"Eglise Protestante Unie de Courseulles\" \/>\n<meta property=\"article:published_time\" content=\"2021-08-01T10:00:00+00:00\" \/>\n<meta property=\"article:modified_time\" content=\"2021-09-09T18:48:31+00:00\" \/>\n<meta property=\"og:image\" content=\"https:\/\/epu-courseulles.fr\/wp-content\/uploads\/2021\/09\/Image-aout-2021.jpg\" \/>\n<meta name=\"author\" content=\"Axel Weytens\" \/>\n<meta name=\"twitter:card\" content=\"summary_large_image\" \/>\n<meta name=\"twitter:label1\" content=\"\u00c9crit par\" \/>\n\t<meta name=\"twitter:data1\" content=\"Axel Weytens\" \/>\n\t<meta name=\"twitter:label2\" content=\"Dur\u00e9e de lecture estim\u00e9e\" \/>\n\t<meta name=\"twitter:data2\" content=\"12 minutes\" \/>\n<script type=\"application\/ld+json\" class=\"yoast-schema-graph\">{\"@context\":\"https:\/\/schema.org\",\"@graph\":[{\"@type\":\"WebPage\",\"@id\":\"https:\/\/epu-courseulles.fr\/index.php\/2021\/08\/01\/raison-et-foi-la-double-connaissance-de-dieu\/\",\"url\":\"https:\/\/epu-courseulles.fr\/index.php\/2021\/08\/01\/raison-et-foi-la-double-connaissance-de-dieu\/\",\"name\":\"RAISON ET FOI : LA DOUBLE CONNAISSANCE DE DIEU - Eglise Protestante Unie de Courseulles\",\"isPartOf\":{\"@id\":\"https:\/\/epu-courseulles.fr\/#website\"},\"primaryImageOfPage\":{\"@id\":\"https:\/\/epu-courseulles.fr\/index.php\/2021\/08\/01\/raison-et-foi-la-double-connaissance-de-dieu\/#primaryimage\"},\"image\":{\"@id\":\"https:\/\/epu-courseulles.fr\/index.php\/2021\/08\/01\/raison-et-foi-la-double-connaissance-de-dieu\/#primaryimage\"},\"thumbnailUrl\":\"https:\/\/epu-courseulles.fr\/wp-content\/uploads\/2021\/09\/Image-aout-2021.jpg\",\"datePublished\":\"2021-08-01T10:00:00+00:00\",\"dateModified\":\"2021-09-09T18:48:31+00:00\",\"author\":{\"@id\":\"https:\/\/epu-courseulles.fr\/#\/schema\/person\/215e606096c59df79c7fcd64f7c6efd6\"},\"breadcrumb\":{\"@id\":\"https:\/\/epu-courseulles.fr\/index.php\/2021\/08\/01\/raison-et-foi-la-double-connaissance-de-dieu\/#breadcrumb\"},\"inLanguage\":\"fr-FR\",\"potentialAction\":[{\"@type\":\"ReadAction\",\"target\":[\"https:\/\/epu-courseulles.fr\/index.php\/2021\/08\/01\/raison-et-foi-la-double-connaissance-de-dieu\/\"]}]},{\"@type\":\"ImageObject\",\"inLanguage\":\"fr-FR\",\"@id\":\"https:\/\/epu-courseulles.fr\/index.php\/2021\/08\/01\/raison-et-foi-la-double-connaissance-de-dieu\/#primaryimage\",\"url\":\"https:\/\/i0.wp.com\/epu-courseulles.fr\/wp-content\/uploads\/2021\/09\/Image-aout-2021.jpg?fit=304%2C377&ssl=1\",\"contentUrl\":\"https:\/\/i0.wp.com\/epu-courseulles.fr\/wp-content\/uploads\/2021\/09\/Image-aout-2021.jpg?fit=304%2C377&ssl=1\",\"width\":304,\"height\":377},{\"@type\":\"BreadcrumbList\",\"@id\":\"https:\/\/epu-courseulles.fr\/index.php\/2021\/08\/01\/raison-et-foi-la-double-connaissance-de-dieu\/#breadcrumb\",\"itemListElement\":[{\"@type\":\"ListItem\",\"position\":1,\"name\":\"Accueil\",\"item\":\"https:\/\/epu-courseulles.fr\/\"},{\"@type\":\"ListItem\",\"position\":2,\"name\":\"RAISON ET FOI : LA DOUBLE CONNAISSANCE DE DIEU\"}]},{\"@type\":\"WebSite\",\"@id\":\"https:\/\/epu-courseulles.fr\/#website\",\"url\":\"https:\/\/epu-courseulles.fr\/\",\"name\":\"Eglise Protestante Unie de Courseulles\",\"description\":\"Site de la Paroisse de Courseulles - C\u00f4te de Nacre\",\"potentialAction\":[{\"@type\":\"SearchAction\",\"target\":{\"@type\":\"EntryPoint\",\"urlTemplate\":\"https:\/\/epu-courseulles.fr\/?s={search_term_string}\"},\"query-input\":\"required name=search_term_string\"}],\"inLanguage\":\"fr-FR\"},{\"@type\":\"Person\",\"@id\":\"https:\/\/epu-courseulles.fr\/#\/schema\/person\/215e606096c59df79c7fcd64f7c6efd6\",\"name\":\"Axel Weytens\",\"image\":{\"@type\":\"ImageObject\",\"inLanguage\":\"fr-FR\",\"@id\":\"https:\/\/epu-courseulles.fr\/#\/schema\/person\/image\/\",\"url\":\"https:\/\/secure.gravatar.com\/avatar\/e7f1b871d92086c7d9e0945020a6b3f89d18f247f80d4c00721a43c151e09236?s=96&d=mm&r=g\",\"contentUrl\":\"https:\/\/secure.gravatar.com\/avatar\/e7f1b871d92086c7d9e0945020a6b3f89d18f247f80d4c00721a43c151e09236?s=96&d=mm&r=g\",\"caption\":\"Axel Weytens\"},\"url\":\"https:\/\/epu-courseulles.fr\/index.php\/author\/axelweytens\/\"}]}<\/script>\n<!-- \/ Yoast SEO plugin. -->","yoast_head_json":{"title":"RAISON ET FOI : LA DOUBLE CONNAISSANCE DE DIEU - Eglise Protestante Unie de Courseulles","robots":{"index":"index","follow":"follow","max-snippet":"max-snippet:-1","max-image-preview":"max-image-preview:large","max-video-preview":"max-video-preview:-1"},"canonical":"https:\/\/epu-courseulles.fr\/index.php\/2021\/08\/01\/raison-et-foi-la-double-connaissance-de-dieu\/","og_locale":"fr_FR","og_type":"article","og_title":"RAISON ET FOI : LA DOUBLE CONNAISSANCE DE DIEU - Eglise Protestante Unie de Courseulles","og_description":"LIVRE DE L\u2019EXODE&nbsp;chapitre 16 versets 12-15 &nbsp;Le Seigneur dit \u00e0 Mo\u00efse :&nbsp;\u00ab Voici que, du ciel, je vais faire pleuvoir du pain pour vous.&nbsp;Le peuple sortira&nbsp;pour recueillir chaque jour sa ration quotidienne,&nbsp;et ainsi je vais le mettre \u00e0 l\u2019\u00e9preuve :&nbsp;je verrai s\u2019il marchera, ou non, selon ma loi. J\u2019ai entendu les r\u00e9criminations des fils d\u2019Isra\u00ebl.&nbsp;Tu leur diras :&nbsp;\u2018Au coucher du soleil, vous mangerez de la viande&nbsp;et, le lendemain matin, vous aurez du pain \u00e0 sati\u00e9t\u00e9.&nbsp;Alors vous saurez&nbsp;que moi, le Seigneur,...Lire la suite Lire la suite","og_url":"https:\/\/epu-courseulles.fr\/index.php\/2021\/08\/01\/raison-et-foi-la-double-connaissance-de-dieu\/","og_site_name":"Eglise Protestante Unie de Courseulles","article_published_time":"2021-08-01T10:00:00+00:00","article_modified_time":"2021-09-09T18:48:31+00:00","og_image":[{"url":"https:\/\/epu-courseulles.fr\/wp-content\/uploads\/2021\/09\/Image-aout-2021.jpg"}],"author":"Axel Weytens","twitter_card":"summary_large_image","twitter_misc":{"\u00c9crit par":"Axel Weytens","Dur\u00e9e de lecture estim\u00e9e":"12 minutes"},"schema":{"@context":"https:\/\/schema.org","@graph":[{"@type":"WebPage","@id":"https:\/\/epu-courseulles.fr\/index.php\/2021\/08\/01\/raison-et-foi-la-double-connaissance-de-dieu\/","url":"https:\/\/epu-courseulles.fr\/index.php\/2021\/08\/01\/raison-et-foi-la-double-connaissance-de-dieu\/","name":"RAISON ET FOI : LA DOUBLE CONNAISSANCE DE DIEU - Eglise Protestante Unie de Courseulles","isPartOf":{"@id":"https:\/\/epu-courseulles.fr\/#website"},"primaryImageOfPage":{"@id":"https:\/\/epu-courseulles.fr\/index.php\/2021\/08\/01\/raison-et-foi-la-double-connaissance-de-dieu\/#primaryimage"},"image":{"@id":"https:\/\/epu-courseulles.fr\/index.php\/2021\/08\/01\/raison-et-foi-la-double-connaissance-de-dieu\/#primaryimage"},"thumbnailUrl":"https:\/\/epu-courseulles.fr\/wp-content\/uploads\/2021\/09\/Image-aout-2021.jpg","datePublished":"2021-08-01T10:00:00+00:00","dateModified":"2021-09-09T18:48:31+00:00","author":{"@id":"https:\/\/epu-courseulles.fr\/#\/schema\/person\/215e606096c59df79c7fcd64f7c6efd6"},"breadcrumb":{"@id":"https:\/\/epu-courseulles.fr\/index.php\/2021\/08\/01\/raison-et-foi-la-double-connaissance-de-dieu\/#breadcrumb"},"inLanguage":"fr-FR","potentialAction":[{"@type":"ReadAction","target":["https:\/\/epu-courseulles.fr\/index.php\/2021\/08\/01\/raison-et-foi-la-double-connaissance-de-dieu\/"]}]},{"@type":"ImageObject","inLanguage":"fr-FR","@id":"https:\/\/epu-courseulles.fr\/index.php\/2021\/08\/01\/raison-et-foi-la-double-connaissance-de-dieu\/#primaryimage","url":"https:\/\/i0.wp.com\/epu-courseulles.fr\/wp-content\/uploads\/2021\/09\/Image-aout-2021.jpg?fit=304%2C377&ssl=1","contentUrl":"https:\/\/i0.wp.com\/epu-courseulles.fr\/wp-content\/uploads\/2021\/09\/Image-aout-2021.jpg?fit=304%2C377&ssl=1","width":304,"height":377},{"@type":"BreadcrumbList","@id":"https:\/\/epu-courseulles.fr\/index.php\/2021\/08\/01\/raison-et-foi-la-double-connaissance-de-dieu\/#breadcrumb","itemListElement":[{"@type":"ListItem","position":1,"name":"Accueil","item":"https:\/\/epu-courseulles.fr\/"},{"@type":"ListItem","position":2,"name":"RAISON ET FOI : LA DOUBLE CONNAISSANCE DE DIEU"}]},{"@type":"WebSite","@id":"https:\/\/epu-courseulles.fr\/#website","url":"https:\/\/epu-courseulles.fr\/","name":"Eglise Protestante Unie de Courseulles","description":"Site de la Paroisse de Courseulles - C\u00f4te de Nacre","potentialAction":[{"@type":"SearchAction","target":{"@type":"EntryPoint","urlTemplate":"https:\/\/epu-courseulles.fr\/?s={search_term_string}"},"query-input":"required name=search_term_string"}],"inLanguage":"fr-FR"},{"@type":"Person","@id":"https:\/\/epu-courseulles.fr\/#\/schema\/person\/215e606096c59df79c7fcd64f7c6efd6","name":"Axel Weytens","image":{"@type":"ImageObject","inLanguage":"fr-FR","@id":"https:\/\/epu-courseulles.fr\/#\/schema\/person\/image\/","url":"https:\/\/secure.gravatar.com\/avatar\/e7f1b871d92086c7d9e0945020a6b3f89d18f247f80d4c00721a43c151e09236?s=96&d=mm&r=g","contentUrl":"https:\/\/secure.gravatar.com\/avatar\/e7f1b871d92086c7d9e0945020a6b3f89d18f247f80d4c00721a43c151e09236?s=96&d=mm&r=g","caption":"Axel Weytens"},"url":"https:\/\/epu-courseulles.fr\/index.php\/author\/axelweytens\/"}]}},"jetpack_sharing_enabled":true,"jetpack_featured_media_url":"","jetpack-related-posts":[],"_links":{"self":[{"href":"https:\/\/epu-courseulles.fr\/index.php\/wp-json\/wp\/v2\/posts\/86","targetHints":{"allow":["GET"]}}],"collection":[{"href":"https:\/\/epu-courseulles.fr\/index.php\/wp-json\/wp\/v2\/posts"}],"about":[{"href":"https:\/\/epu-courseulles.fr\/index.php\/wp-json\/wp\/v2\/types\/post"}],"author":[{"embeddable":true,"href":"https:\/\/epu-courseulles.fr\/index.php\/wp-json\/wp\/v2\/users\/2"}],"replies":[{"embeddable":true,"href":"https:\/\/epu-courseulles.fr\/index.php\/wp-json\/wp\/v2\/comments?post=86"}],"version-history":[{"count":4,"href":"https:\/\/epu-courseulles.fr\/index.php\/wp-json\/wp\/v2\/posts\/86\/revisions"}],"predecessor-version":[{"id":111,"href":"https:\/\/epu-courseulles.fr\/index.php\/wp-json\/wp\/v2\/posts\/86\/revisions\/111"}],"wp:attachment":[{"href":"https:\/\/epu-courseulles.fr\/index.php\/wp-json\/wp\/v2\/media?parent=86"}],"wp:term":[{"taxonomy":"category","embeddable":true,"href":"https:\/\/epu-courseulles.fr\/index.php\/wp-json\/wp\/v2\/categories?post=86"},{"taxonomy":"post_tag","embeddable":true,"href":"https:\/\/epu-courseulles.fr\/index.php\/wp-json\/wp\/v2\/tags?post=86"}],"curies":[{"name":"wp","href":"https:\/\/api.w.org\/{rel}","templated":true}]}}